{"id":1729,"date":"2025-09-16T20:21:34","date_gmt":"2025-09-16T18:21:34","guid":{"rendered":"https:\/\/www.animaliliberi.org\/site\/?p=1729"},"modified":"2025-09-16T20:21:34","modified_gmt":"2025-09-16T18:21:34","slug":"trasferite-oggi-le-capre-di-alicudi-e-stromboli","status":"publish","type":"post","link":"https:\/\/www.animaliliberi.org\/site\/trasferite-oggi-le-capre-di-alicudi-e-stromboli\/","title":{"rendered":"Trasferite oggi le Capre di Alicudi e Stromboli"},"content":{"rendered":"<p>Le associazioni chiosano: \u201cPartite senza identificazione e con destinazione finale ignota\u201d<br \/>\n<em>LNDC Animal Protection, LAV e Vita da Cani ODV, in rappresentanza della Rete dei Santuari di Animali Liberi, hanno inviato una nuova lettera alle istituzioni competenti, ribadendo la richiesta che le capre delle isole Eolie siano riconosciute come non DPA e segnalando criticit\u00e0 nelle operazioni di cattura e detenzione. Secondo fonti locali, gli animali sarebbero destinati a un commerciante: le associazioni chiedono chiarimenti immediati, ricordando che la fauna selvatica \u00e8 patrimonio indisponibile dello Stato e non pu\u00f2 diventare oggetto di business privati<\/em>.<\/p>\n<p>Messina, 16 settembre 2025 &#8211; Negli ultimi giorni il Corpo Forestale della Regione Siciliana \u00e8 intervenuto ad <strong>Alicudi<\/strong> per la cattura di alcune capre selvatiche, caricate questa mattina e ora in viaggio verso un commerciante privato che, secondo quanto appreso da fonti locali, non sar\u00e0 la destinazione finale degli animali. Le associazioni <strong>LNDC Animal Protection, LAV e Vita da Cani ODV<\/strong>, hanno inviato una nuova <a href=\"https:\/\/www.lndcanimalprotection.org\/wp-content\/uploads\/2025\/09\/lettera-congiunta-capre.pdf\" target=\"_blank\">lettera alle autorit\u00e0 regionali<\/a> e locali chiedendo la massima chiarezza su quanto sta accadendo, in quanto non risulta sia stata rilasciata dalla Regione una deroga ufficiale alla movimentazione delle capre, che sono state caricate senza prelievi e senza essere state identificate. Operazioni che, sempre secondo fonti locali, dovrebbero essere fatte al loro arrivo. <\/p>\n<p>In particolare, le associazioni ribadiscono che le capre devono essere in prima istanza formalmente riconosciute come animali <strong>non DPA (non destinati alla produzione alimentare)<\/strong>, per evitare qualsiasi rischio di sfruttamento o macellazione da parte delle aziende incaricate dell\u2019accoglienza. Parallelamente, \u00e8 stata formulata una richiesta di accesso agli atti riguardante autorizzazioni, protocolli sanitari, destinazioni e modalit\u00e0 di cattura e trasferimento, poich\u00e9 solo la trasparenza pu\u00f2 garantire il rispetto delle normative vigenti e la tutela degli animali coinvolti. Da quanto si apprende, infatti, le capre sarebbero prive dell\u2019identificazione e delle prassi sanitarie previste dalle norme vigenti ai fini del trasporto.<\/p>\n<p>Le associazioni si chiedono con forza a che titolo la <strong>Regione Sicilia possa favorire un soggetto privato nel fare business con animali selvatici<\/strong>, che \u2013 in quanto tali \u2013 costituiscono <strong>patrimonio indisponibile dello Stato<\/strong> e non possono essere trattati come merce di scambio.<br \/>\n\u201cSe fosse confermata, questa circostanza costituirebbe un\u2019aggravante a un fatto gi\u00e0 di per s\u00e9 gravissimo\u201d, dichiarano le associazioni. \u201cNon solo si sottrarrebbero animali al loro habitat naturale, ma li si consegnerebbe a un circuito commerciale in palese contraddizione con la loro natura di fauna selvatica e con i principi fondamentali di legge. Pretendiamo risposte chiare e immediate\u201d.<br \/>\nLNDC Animal Protection, LAV e Vita da Cani ODV ribadiscono infine che, secondo osservazioni etologiche, la popolazione di capre tende ad autoregolamentarsi e che interventi cruenti o trasferimenti forzati non sono giustificabili. Qualora si rendesse necessario un contenimento, la strada etica da percorrere resta quella di un <strong>piano di sterilizzazioni mirate<\/strong> e progressive sul territorio, accompagnato da percorsi di sensibilizzazione per la cittadinanza sulla coesistenza con questi animali. <\/p>\n<p>In aggiunta preoccupa la denuncia, su base etologica, degli stessi etologi che stanno seguendo il caso e che hanno redatto una relazione tecnica (in allegato) basata sulla documentazione fotografica e video visionata, dove si evince, in testa, la mancanza delle misure minime di rispetto delle esigenze etologiche e non solo di questi animali nella fase detentiva, che ha preceduto il trasferimento odierno.<br \/>\nLe associazioni attendono ora risposte ufficiali dalle istituzioni e si riservano ulteriori azioni nel caso in cui non venga garantita la tutela piena delle capre delle isole Eolie.<\/p>\n","protected":false},"excerpt":{"rendered":"<p>Le associazioni chiosano: \u201cPartite senza identificazione e con destinazione finale ignota\u201d LNDC Animal Protection, LAV e Vita da Cani ODV, in rappresentanza della Rete dei Santuari di Animali Liberi, hanno inviato una nuova lettera alle istituzioni competenti, ribadendo la richiesta che le capre delle isole Eolie siano riconosciute come non DPA e segnalando criticit\u00e0 nelle operazioni di cattura e detenzione. Secondo fonti locali, gli animali sarebbero destinati a un commerciante: le associazioni chiedono chiarimenti immediati, ricordando che la fauna selvatica \u00e8 patrimonio indisponibile dello Stato e non pu\u00f2 diventare oggetto di business privati. Messina, 16 settembre 2025 &#8211; Negli ultimi giorni il Corpo Forestale della Regione Siciliana \u00e8 intervenuto ad Alicudi per la cattura di alcune capre selvatiche, caricate questa mattina e ora in viaggio verso un commerciante privato che, secondo quanto appreso da fonti locali, non sar\u00e0 la destinazione finale degli animali. Le associazioni LNDC Animal Protection, LAV e Vita da Cani ODV, hanno inviato una nuova lettera alle autorit\u00e0 regionali e locali chiedendo la massima chiarezza su quanto sta accadendo, in quanto non risulta sia stata rilasciata dalla Regione una deroga ufficiale alla movimentazione delle capre, che sono state caricate senza prelievi e senza essere state identificate. Operazioni che, sempre secondo fonti locali, dovrebbero essere fatte al loro arrivo. In particolare, le associazioni ribadiscono che le capre devono essere in prima istanza formalmente riconosciute come animali non DPA (non destinati alla produzione alimentare), per evitare qualsiasi rischio di sfruttamento o macellazione da parte delle aziende incaricate dell\u2019accoglienza. Parallelamente, \u00e8 stata formulata una richiesta di accesso agli atti riguardante autorizzazioni, protocolli sanitari, destinazioni e modalit\u00e0 di cattura e trasferimento, poich\u00e9 solo la trasparenza pu\u00f2 garantire il rispetto delle normative vigenti e la tutela degli animali coinvolti. Da quanto si apprende, infatti, le capre sarebbero prive dell\u2019identificazione e delle prassi sanitarie previste dalle norme vigenti ai fini del trasporto. Le associazioni si chiedono con forza a che titolo la Regione Sicilia possa favorire un soggetto privato nel fare business con animali selvatici, che \u2013 in quanto tali \u2013 costituiscono patrimonio indisponibile dello Stato e non possono essere trattati come merce di scambio. \u201cSe fosse confermata, questa circostanza costituirebbe un\u2019aggravante a un fatto gi\u00e0 di per s\u00e9 gravissimo\u201d, dichiarano le associazioni. \u201cNon solo si sottrarrebbero animali al loro habitat naturale, ma li si consegnerebbe a un circuito commerciale in palese contraddizione con la loro natura di fauna selvatica e con i principi fondamentali di legge. Pretendiamo risposte chiare e immediate\u201d. LNDC Animal Protection, LAV e Vita da Cani ODV ribadiscono infine che, secondo osservazioni etologiche, la popolazione di capre tende ad autoregolamentarsi e che interventi cruenti o trasferimenti forzati non sono giustificabili. Qualora si rendesse necessario un contenimento, la strada etica da percorrere resta quella di un piano di sterilizzazioni mirate e progressive sul territorio, accompagnato da percorsi di sensibilizzazione per la cittadinanza sulla coesistenza con questi animali. In aggiunta preoccupa la denuncia, su base etologica, degli stessi etologi che stanno seguendo il caso e che hanno redatto una relazione tecnica (in allegato) basata sulla documentazione fotografica e video visionata, dove si evince, in testa, la mancanza delle misure minime di rispetto delle esigenze etologiche e non solo di questi animali nella fase detentiva, che ha preceduto il trasferimento odierno. Le associazioni attendono ora risposte ufficiali dalle istituzioni e si riservano ulteriori azioni nel caso in cui non venga garantita la tutela piena delle capre delle isole Eolie.<\/p>\n","protected":false},"author":3,"featured_media":1731,"comment_status":"closed","ping_status":"closed","sticky":false,"template":"","format":"standard","meta":{"footnotes":""},"categories":[133],"tags":[401],"class_list":["post-1729","post","type-post","status-publish","format-standard","has-post-thumbnail","hentry","category-comunicati","tag-alicudi"],"yoast_head":"<!-- This site is optimized with the Yoast SEO plugin v27.4 - https:\/\/yoast.com\/product\/yoast-seo-wordpress\/ -->\n<title>Trasferite oggi le Capre di Alicudi e Stromboli - Rete dei Santuari di Animali Liberi in Italia<\/title>\n<meta name=\"description\" content=\"Capre di Alicudi\" \/>\n<meta name=\"robots\" content=\"index, follow, max-snippet:-1, max-image-preview:large, max-video-preview:-1\" \/>\n<link rel=\"canonical\" href=\"https:\/\/www.animaliliberi.org\/site\/trasferite-oggi-le-capre-di-alicudi-e-stromboli\/\" \/>\n<meta property=\"og:locale\" content=\"it_IT\" \/>\n<meta property=\"og:type\" content=\"article\" \/>\n<meta property=\"og:title\" content=\"Trasferite oggi le Capre di Alicudi e Stromboli - Rete dei Santuari di Animali Liberi in Italia\" \/>\n<meta property=\"og:description\" content=\"Capre di Alicudi\" \/>\n<meta property=\"og:url\" content=\"https:\/\/www.animaliliberi.org\/site\/trasferite-oggi-le-capre-di-alicudi-e-stromboli\/\" \/>\n<meta property=\"og:site_name\" content=\"Rete dei Santuari di Animali Liberi in Italia\" \/>\n<meta property=\"article:published_time\" content=\"2025-09-16T18:21:34+00:00\" \/>\n<meta property=\"og:image\" content=\"https:\/\/www.animaliliberi.org\/site\/wp-content\/uploads\/2025\/09\/capredialicudi2.jpeg\" \/>\n\t<meta property=\"og:image:width\" content=\"940\" \/>\n\t<meta property=\"og:image:height\" content=\"788\" \/>\n\t<meta property=\"og:image:type\" content=\"image\/jpeg\" \/>\n<meta name=\"author\" content=\"Roberta\" \/>\n<meta name=\"twitter:label1\" content=\"Scritto da\" \/>\n\t<meta name=\"twitter:data1\" content=\"Roberta\" \/>\n\t<meta name=\"twitter:label2\" content=\"Tempo di lettura stimato\" \/>\n\t<meta name=\"twitter:data2\" content=\"4 minuti\" \/>\n<script type=\"application\/ld+json\" class=\"yoast-schema-graph\">{\"@context\":\"https:\\\/\\\/schema.org\",\"@graph\":[{\"@type\":\"Article\",\"@id\":\"https:\\\/\\\/www.animaliliberi.org\\\/site\\\/trasferite-oggi-le-capre-di-alicudi-e-stromboli\\\/#article\",\"isPartOf\":{\"@id\":\"https:\\\/\\\/www.animaliliberi.org\\\/site\\\/trasferite-oggi-le-capre-di-alicudi-e-stromboli\\\/\"},\"author\":{\"name\":\"Roberta\",\"@id\":\"https:\\\/\\\/www.animaliliberi.org\\\/site\\\/#\\\/schema\\\/person\\\/a23cf6a92ddc223bad34dd0240510916\"},\"headline\":\"Trasferite oggi le Capre di Alicudi e Stromboli\",\"datePublished\":\"2025-09-16T18:21:34+00:00\",\"mainEntityOfPage\":{\"@id\":\"https:\\\/\\\/www.animaliliberi.org\\\/site\\\/trasferite-oggi-le-capre-di-alicudi-e-stromboli\\\/\"},\"wordCount\":571,\"image\":{\"@id\":\"https:\\\/\\\/www.animaliliberi.org\\\/site\\\/trasferite-oggi-le-capre-di-alicudi-e-stromboli\\\/#primaryimage\"},\"thumbnailUrl\":\"https:\\\/\\\/www.animaliliberi.org\\\/site\\\/wp-content\\\/uploads\\\/2025\\\/09\\\/capredialicudi2.jpeg\",\"keywords\":[\"alicudi\"],\"articleSection\":[\"comunicati\"],\"inLanguage\":\"it-IT\"},{\"@type\":\"WebPage\",\"@id\":\"https:\\\/\\\/www.animaliliberi.org\\\/site\\\/trasferite-oggi-le-capre-di-alicudi-e-stromboli\\\/\",\"url\":\"https:\\\/\\\/www.animaliliberi.org\\\/site\\\/trasferite-oggi-le-capre-di-alicudi-e-stromboli\\\/\",\"name\":\"Trasferite oggi le Capre di Alicudi e Stromboli - Rete dei Santuari di Animali Liberi in Italia\",\"isPartOf\":{\"@id\":\"https:\\\/\\\/www.animaliliberi.org\\\/site\\\/#website\"},\"primaryImageOfPage\":{\"@id\":\"https:\\\/\\\/www.animaliliberi.org\\\/site\\\/trasferite-oggi-le-capre-di-alicudi-e-stromboli\\\/#primaryimage\"},\"image\":{\"@id\":\"https:\\\/\\\/www.animaliliberi.org\\\/site\\\/trasferite-oggi-le-capre-di-alicudi-e-stromboli\\\/#primaryimage\"},\"thumbnailUrl\":\"https:\\\/\\\/www.animaliliberi.org\\\/site\\\/wp-content\\\/uploads\\\/2025\\\/09\\\/capredialicudi2.jpeg\",\"datePublished\":\"2025-09-16T18:21:34+00:00\",\"author\":{\"@id\":\"https:\\\/\\\/www.animaliliberi.org\\\/site\\\/#\\\/schema\\\/person\\\/a23cf6a92ddc223bad34dd0240510916\"},\"description\":\"Capre di Alicudi\",\"breadcrumb\":{\"@id\":\"https:\\\/\\\/www.animaliliberi.org\\\/site\\\/trasferite-oggi-le-capre-di-alicudi-e-stromboli\\\/#breadcrumb\"},\"inLanguage\":\"it-IT\",\"potentialAction\":[{\"@type\":\"ReadAction\",\"target\":[\"https:\\\/\\\/www.animaliliberi.org\\\/site\\\/trasferite-oggi-le-capre-di-alicudi-e-stromboli\\\/\"]}]},{\"@type\":\"ImageObject\",\"inLanguage\":\"it-IT\",\"@id\":\"https:\\\/\\\/www.animaliliberi.org\\\/site\\\/trasferite-oggi-le-capre-di-alicudi-e-stromboli\\\/#primaryimage\",\"url\":\"https:\\\/\\\/www.animaliliberi.org\\\/site\\\/wp-content\\\/uploads\\\/2025\\\/09\\\/capredialicudi2.jpeg\",\"contentUrl\":\"https:\\\/\\\/www.animaliliberi.org\\\/site\\\/wp-content\\\/uploads\\\/2025\\\/09\\\/capredialicudi2.jpeg\",\"width\":940,\"height\":788,\"caption\":\"capre di alicudi\"},{\"@type\":\"BreadcrumbList\",\"@id\":\"https:\\\/\\\/www.animaliliberi.org\\\/site\\\/trasferite-oggi-le-capre-di-alicudi-e-stromboli\\\/#breadcrumb\",\"itemListElement\":[{\"@type\":\"ListItem\",\"position\":1,\"name\":\"Home\",\"item\":\"https:\\\/\\\/www.animaliliberi.org\\\/site\\\/\"},{\"@type\":\"ListItem\",\"position\":2,\"name\":\"Trasferite oggi le Capre di Alicudi e Stromboli\"}]},{\"@type\":\"WebSite\",\"@id\":\"https:\\\/\\\/www.animaliliberi.org\\\/site\\\/#website\",\"url\":\"https:\\\/\\\/www.animaliliberi.org\\\/site\\\/\",\"name\":\"Rete dei Santuari di Animali Liberi in Italia\",\"description\":\"\",\"potentialAction\":[{\"@type\":\"SearchAction\",\"target\":{\"@type\":\"EntryPoint\",\"urlTemplate\":\"https:\\\/\\\/www.animaliliberi.org\\\/site\\\/?s={search_term_string}\"},\"query-input\":{\"@type\":\"PropertyValueSpecification\",\"valueRequired\":true,\"valueName\":\"search_term_string\"}}],\"inLanguage\":\"it-IT\"},{\"@type\":\"Person\",\"@id\":\"https:\\\/\\\/www.animaliliberi.org\\\/site\\\/#\\\/schema\\\/person\\\/a23cf6a92ddc223bad34dd0240510916\",\"name\":\"Roberta\",\"image\":{\"@type\":\"ImageObject\",\"inLanguage\":\"it-IT\",\"@id\":\"https:\\\/\\\/secure.gravatar.com\\\/avatar\\\/49f679da4617bdf13b2d68b91d4ebd17886910b56d94b684f9277a9fcae01738?s=96&d=mm&r=g\",\"url\":\"https:\\\/\\\/secure.gravatar.com\\\/avatar\\\/49f679da4617bdf13b2d68b91d4ebd17886910b56d94b684f9277a9fcae01738?s=96&d=mm&r=g\",\"contentUrl\":\"https:\\\/\\\/secure.gravatar.com\\\/avatar\\\/49f679da4617bdf13b2d68b91d4ebd17886910b56d94b684f9277a9fcae01738?s=96&d=mm&r=g\",\"caption\":\"Roberta\"},\"url\":\"https:\\\/\\\/www.animaliliberi.org\\\/site\\\/author\\\/roberta\\\/\"}]}<\/script>\n<!-- \/ Yoast SEO plugin. -->","yoast_head_json":{"title":"Trasferite oggi le Capre di Alicudi e Stromboli - Rete dei Santuari di Animali Liberi in Italia","description":"Capre di Alicudi","robots":{"index":"index","follow":"follow","max-snippet":"max-snippet:-1","max-image-preview":"max-image-preview:large","max-video-preview":"max-video-preview:-1"},"canonical":"https:\/\/www.animaliliberi.org\/site\/trasferite-oggi-le-capre-di-alicudi-e-stromboli\/","og_locale":"it_IT","og_type":"article","og_title":"Trasferite oggi le Capre di Alicudi e Stromboli - Rete dei Santuari di Animali Liberi in Italia","og_description":"Capre di Alicudi","og_url":"https:\/\/www.animaliliberi.org\/site\/trasferite-oggi-le-capre-di-alicudi-e-stromboli\/","og_site_name":"Rete dei Santuari di Animali Liberi in Italia","article_published_time":"2025-09-16T18:21:34+00:00","og_image":[{"width":940,"height":788,"url":"https:\/\/www.animaliliberi.org\/site\/wp-content\/uploads\/2025\/09\/capredialicudi2.jpeg","type":"image\/jpeg"}],"author":"Roberta","twitter_misc":{"Scritto da":"Roberta","Tempo di lettura stimato":"4 minuti"},"schema":{"@context":"https:\/\/schema.org","@graph":[{"@type":"Article","@id":"https:\/\/www.animaliliberi.org\/site\/trasferite-oggi-le-capre-di-alicudi-e-stromboli\/#article","isPartOf":{"@id":"https:\/\/www.animaliliberi.org\/site\/trasferite-oggi-le-capre-di-alicudi-e-stromboli\/"},"author":{"name":"Roberta","@id":"https:\/\/www.animaliliberi.org\/site\/#\/schema\/person\/a23cf6a92ddc223bad34dd0240510916"},"headline":"Trasferite oggi le Capre di Alicudi e Stromboli","datePublished":"2025-09-16T18:21:34+00:00","mainEntityOfPage":{"@id":"https:\/\/www.animaliliberi.org\/site\/trasferite-oggi-le-capre-di-alicudi-e-stromboli\/"},"wordCount":571,"image":{"@id":"https:\/\/www.animaliliberi.org\/site\/trasferite-oggi-le-capre-di-alicudi-e-stromboli\/#primaryimage"},"thumbnailUrl":"https:\/\/www.animaliliberi.org\/site\/wp-content\/uploads\/2025\/09\/capredialicudi2.jpeg","keywords":["alicudi"],"articleSection":["comunicati"],"inLanguage":"it-IT"},{"@type":"WebPage","@id":"https:\/\/www.animaliliberi.org\/site\/trasferite-oggi-le-capre-di-alicudi-e-stromboli\/","url":"https:\/\/www.animaliliberi.org\/site\/trasferite-oggi-le-capre-di-alicudi-e-stromboli\/","name":"Trasferite oggi le Capre di Alicudi e Stromboli - Rete dei Santuari di Animali Liberi in Italia","isPartOf":{"@id":"https:\/\/www.animaliliberi.org\/site\/#website"},"primaryImageOfPage":{"@id":"https:\/\/www.animaliliberi.org\/site\/trasferite-oggi-le-capre-di-alicudi-e-stromboli\/#primaryimage"},"image":{"@id":"https:\/\/www.animaliliberi.org\/site\/trasferite-oggi-le-capre-di-alicudi-e-stromboli\/#primaryimage"},"thumbnailUrl":"https:\/\/www.animaliliberi.org\/site\/wp-content\/uploads\/2025\/09\/capredialicudi2.jpeg","datePublished":"2025-09-16T18:21:34+00:00","author":{"@id":"https:\/\/www.animaliliberi.org\/site\/#\/schema\/person\/a23cf6a92ddc223bad34dd0240510916"},"description":"Capre di Alicudi","breadcrumb":{"@id":"https:\/\/www.animaliliberi.org\/site\/trasferite-oggi-le-capre-di-alicudi-e-stromboli\/#breadcrumb"},"inLanguage":"it-IT","potentialAction":[{"@type":"ReadAction","target":["https:\/\/www.animaliliberi.org\/site\/trasferite-oggi-le-capre-di-alicudi-e-stromboli\/"]}]},{"@type":"ImageObject","inLanguage":"it-IT","@id":"https:\/\/www.animaliliberi.org\/site\/trasferite-oggi-le-capre-di-alicudi-e-stromboli\/#primaryimage","url":"https:\/\/www.animaliliberi.org\/site\/wp-content\/uploads\/2025\/09\/capredialicudi2.jpeg","contentUrl":"https:\/\/www.animaliliberi.org\/site\/wp-content\/uploads\/2025\/09\/capredialicudi2.jpeg","width":940,"height":788,"caption":"capre di alicudi"},{"@type":"BreadcrumbList","@id":"https:\/\/www.animaliliberi.org\/site\/trasferite-oggi-le-capre-di-alicudi-e-stromboli\/#breadcrumb","itemListElement":[{"@type":"ListItem","position":1,"name":"Home","item":"https:\/\/www.animaliliberi.org\/site\/"},{"@type":"ListItem","position":2,"name":"Trasferite oggi le Capre di Alicudi e Stromboli"}]},{"@type":"WebSite","@id":"https:\/\/www.animaliliberi.org\/site\/#website","url":"https:\/\/www.animaliliberi.org\/site\/","name":"Rete dei Santuari di Animali Liberi in Italia","description":"","potentialAction":[{"@type":"SearchAction","target":{"@type":"EntryPoint","urlTemplate":"https:\/\/www.animaliliberi.org\/site\/?s={search_term_string}"},"query-input":{"@type":"PropertyValueSpecification","valueRequired":true,"valueName":"search_term_string"}}],"inLanguage":"it-IT"},{"@type":"Person","@id":"https:\/\/www.animaliliberi.org\/site\/#\/schema\/person\/a23cf6a92ddc223bad34dd0240510916","name":"Roberta","image":{"@type":"ImageObject","inLanguage":"it-IT","@id":"https:\/\/secure.gravatar.com\/avatar\/49f679da4617bdf13b2d68b91d4ebd17886910b56d94b684f9277a9fcae01738?s=96&d=mm&r=g","url":"https:\/\/secure.gravatar.com\/avatar\/49f679da4617bdf13b2d68b91d4ebd17886910b56d94b684f9277a9fcae01738?s=96&d=mm&r=g","contentUrl":"https:\/\/secure.gravatar.com\/avatar\/49f679da4617bdf13b2d68b91d4ebd17886910b56d94b684f9277a9fcae01738?s=96&d=mm&r=g","caption":"Roberta"},"url":"https:\/\/www.animaliliberi.org\/site\/author\/roberta\/"}]}},"views":976,"_links":{"self":[{"href":"https:\/\/www.animaliliberi.org\/site\/wp-json\/wp\/v2\/posts\/1729","targetHints":{"allow":["GET"]}}],"collection":[{"href":"https:\/\/www.animaliliberi.org\/site\/wp-json\/wp\/v2\/posts"}],"about":[{"href":"https:\/\/www.animaliliberi.org\/site\/wp-json\/wp\/v2\/types\/post"}],"author":[{"embeddable":true,"href":"https:\/\/www.animaliliberi.org\/site\/wp-json\/wp\/v2\/users\/3"}],"replies":[{"embeddable":true,"href":"https:\/\/www.animaliliberi.org\/site\/wp-json\/wp\/v2\/comments?post=1729"}],"version-history":[{"count":1,"href":"https:\/\/www.animaliliberi.org\/site\/wp-json\/wp\/v2\/posts\/1729\/revisions"}],"predecessor-version":[{"id":1730,"href":"https:\/\/www.animaliliberi.org\/site\/wp-json\/wp\/v2\/posts\/1729\/revisions\/1730"}],"wp:featuredmedia":[{"embeddable":true,"href":"https:\/\/www.animaliliberi.org\/site\/wp-json\/wp\/v2\/media\/1731"}],"wp:attachment":[{"href":"https:\/\/www.animaliliberi.org\/site\/wp-json\/wp\/v2\/media?parent=1729"}],"wp:term":[{"taxonomy":"category","embeddable":true,"href":"https:\/\/www.animaliliberi.org\/site\/wp-json\/wp\/v2\/categories?post=1729"},{"taxonomy":"post_tag","embeddable":true,"href":"https:\/\/www.animaliliberi.org\/site\/wp-json\/wp\/v2\/tags?post=1729"}],"curies":[{"name":"wp","href":"https:\/\/api.w.org\/{rel}","templated":true}]}}