{"id":1615,"date":"2024-10-08T17:52:38","date_gmt":"2024-10-08T15:52:38","guid":{"rendered":"https:\/\/www.animaliliberi.org\/site\/?p=1615"},"modified":"2024-10-08T17:54:33","modified_gmt":"2024-10-08T15:54:33","slug":"video-del-flash-mob-in-memoria-del-20-09-2023-a-sairano","status":"publish","type":"post","link":"https:\/\/www.animaliliberi.org\/site\/video-del-flash-mob-in-memoria-del-20-09-2023-a-sairano\/","title":{"rendered":"Video del Flash Mob in memoria del 20.09.2023 a Sairano"},"content":{"rendered":"<p><center><iframe loading=\"lazy\" title=\"YouTube video player\" src=\"https:\/\/www.youtube.com\/embed\/A81Nbf1qk_w?si=STNrQ8FRM8YvWZap\" width=\"560\" height=\"315\" frameborder=\"0\" allowfullscreen=\"allowfullscreen\"><\/iframe><\/center><strong>Il 20 settembre 2023 una tragedia si \u00e8 consumata presso il Santuario Progetto Cuori Liberi<\/strong>, rifugio di animali facente parte della Rete dei Santuari: 9 maiali residenti sono stati brutalmente uccisi dalle istituzioni.<br \/>\nAd un anno di distanza, nonostante le nostre richieste di deroghe, le manifestazioni, le raccolte firme, i colloqui, nulla \u00e8 cambiato.<br \/>\nE quello che \u00e8 successo pu\u00f2 riaccadere.<br \/>\nIl 20 settembre 2024 in memoria di quel giorno abbiamo messo in scena un <em>flash mob<\/em> che ripercorre quei giorni.<br \/>\nUna rappresentazione spietata.<br \/>\nForte.<br \/>\nStruggente.<br \/>\nNoi non dimentichiamo.<br \/>\nNoi non ci arrendiamo.<br \/>\nLa nostra battaglia continua.<br \/>\nFino all\u2019ultimo respiro.<\/p>\n<p>Per Crosta, Crusta, Pumba, Dorothi, Mercoled\u00ec, Bartolomeo, Ursula, Carolina e Spino,<br \/>\n9 maiali liberi.<\/p>\n","protected":false},"excerpt":{"rendered":"<p>Il 20 settembre 2023 una tragedia si \u00e8 consumata presso il Santuario Progetto Cuori Liberi, rifugio di animali facente parte della Rete dei Santuari: 9 maiali residenti sono stati brutalmente uccisi dalle istituzioni. Ad un anno di distanza, nonostante le nostre richieste di deroghe, le manifestazioni, le raccolte firme, i colloqui, nulla \u00e8 cambiato. E quello che \u00e8 successo pu\u00f2 riaccadere. Il 20 settembre 2024 in memoria di quel giorno abbiamo messo in scena un flash mob che ripercorre quei giorni. Una rappresentazione spietata. Forte. Struggente. Noi non dimentichiamo. Noi non ci arrendiamo. La nostra battaglia continua. Fino all\u2019ultimo respiro. Per Crosta, Crusta, Pumba, Dorothi, Mercoled\u00ec, Bartolomeo, Ursula, Carolina e Spino, 9 maiali liberi.<\/p>\n","protected":false},"author":1,"featured_media":1619,"comment_status":"closed","ping_status":"closed","sticky":false,"template":"","format":"standard","meta":{"footnotes":""},"categories":[48,1],"tags":[178,463,316],"class_list":["post-1615","post","type-post","status-publish","format-standard","has-post-thumbnail","hentry","category-iniziative","category-novita","tag-cuori-liberi","tag-flash-mob","tag-sairano"],"yoast_head":"<!-- This site is optimized with the Yoast SEO plugin v27.4 - https:\/\/yoast.com\/product\/yoast-seo-wordpress\/ -->\n<title>Video del Flash Mob in memoria del 20.09.2023 a Sairano - Rete dei Santuari di Animali Liberi in Italia<\/title>\n<meta name=\"robots\" content=\"index, follow, max-snippet:-1, max-image-preview:large, max-video-preview:-1\" \/>\n<link rel=\"canonical\" href=\"https:\/\/www.animaliliberi.org\/site\/video-del-flash-mob-in-memoria-del-20-09-2023-a-sairano\/\" \/>\n<meta property=\"og:locale\" content=\"it_IT\" \/>\n<meta property=\"og:type\" content=\"article\" \/>\n<meta property=\"og:title\" content=\"Video del Flash Mob in memoria del 20.09.2023 a Sairano - Rete dei Santuari di Animali Liberi in Italia\" \/>\n<meta property=\"og:description\" content=\"Il 20 settembre 2023 una tragedia si \u00e8 consumata presso il Santuario Progetto Cuori Liberi, rifugio di animali facente parte della Rete dei Santuari: 9 maiali residenti sono stati brutalmente uccisi dalle istituzioni. Ad un anno di distanza, nonostante le nostre richieste di deroghe, le manifestazioni, le raccolte firme, i colloqui, nulla \u00e8 cambiato. E quello che \u00e8 successo pu\u00f2 riaccadere. Il 20 settembre 2024 in memoria di quel giorno abbiamo messo in scena un flash mob che ripercorre quei giorni. Una rappresentazione spietata. Forte. Struggente. Noi non dimentichiamo. Noi non ci arrendiamo. La nostra battaglia continua. Fino all\u2019ultimo respiro. Per Crosta, Crusta, Pumba, Dorothi, Mercoled\u00ec, Bartolomeo, Ursula, Carolina e Spino, 9 maiali liberi.\" \/>\n<meta property=\"og:url\" content=\"https:\/\/www.animaliliberi.org\/site\/video-del-flash-mob-in-memoria-del-20-09-2023-a-sairano\/\" \/>\n<meta property=\"og:site_name\" content=\"Rete dei Santuari di Animali Liberi in Italia\" \/>\n<meta property=\"article:published_time\" content=\"2024-10-08T15:52:38+00:00\" \/>\n<meta property=\"article:modified_time\" content=\"2024-10-08T15:54:33+00:00\" \/>\n<meta property=\"og:image\" content=\"https:\/\/www.animaliliberi.org\/site\/wp-content\/uploads\/2024\/10\/sairano-2024-2-e1728402866574.jpg\" \/>\n\t<meta property=\"og:image:width\" content=\"1080\" \/>\n\t<meta property=\"og:image:height\" content=\"644\" \/>\n\t<meta property=\"og:image:type\" content=\"image\/jpeg\" \/>\n<meta name=\"author\" content=\"Animali liberi!\" \/>\n<meta name=\"twitter:label1\" content=\"Scritto da\" \/>\n\t<meta name=\"twitter:data1\" content=\"Animali liberi!\" \/>\n\t<meta name=\"twitter:label2\" content=\"Tempo di lettura stimato\" \/>\n\t<meta name=\"twitter:data2\" content=\"1 minuto\" \/>\n<script type=\"application\/ld+json\" class=\"yoast-schema-graph\">{\"@context\":\"https:\\\/\\\/schema.org\",\"@graph\":[{\"@type\":\"Article\",\"@id\":\"https:\\\/\\\/www.animaliliberi.org\\\/site\\\/video-del-flash-mob-in-memoria-del-20-09-2023-a-sairano\\\/#article\",\"isPartOf\":{\"@id\":\"https:\\\/\\\/www.animaliliberi.org\\\/site\\\/video-del-flash-mob-in-memoria-del-20-09-2023-a-sairano\\\/\"},\"author\":{\"name\":\"Animali liberi!\",\"@id\":\"https:\\\/\\\/www.animaliliberi.org\\\/site\\\/#\\\/schema\\\/person\\\/355faaedc360ce898e1ae0d0a321df90\"},\"headline\":\"Video del Flash Mob in memoria del 20.09.2023 a Sairano\",\"datePublished\":\"2024-10-08T15:52:38+00:00\",\"dateModified\":\"2024-10-08T15:54:33+00:00\",\"mainEntityOfPage\":{\"@id\":\"https:\\\/\\\/www.animaliliberi.org\\\/site\\\/video-del-flash-mob-in-memoria-del-20-09-2023-a-sairano\\\/\"},\"wordCount\":115,\"image\":{\"@id\":\"https:\\\/\\\/www.animaliliberi.org\\\/site\\\/video-del-flash-mob-in-memoria-del-20-09-2023-a-sairano\\\/#primaryimage\"},\"thumbnailUrl\":\"https:\\\/\\\/www.animaliliberi.org\\\/site\\\/wp-content\\\/uploads\\\/2024\\\/10\\\/sairano-2024-2-e1728402866574.jpg\",\"keywords\":[\"cuori liberi\",\"flash mob\",\"sairano\"],\"articleSection\":[\"Iniziative\",\"Novit\u00e0\"],\"inLanguage\":\"it-IT\"},{\"@type\":\"WebPage\",\"@id\":\"https:\\\/\\\/www.animaliliberi.org\\\/site\\\/video-del-flash-mob-in-memoria-del-20-09-2023-a-sairano\\\/\",\"url\":\"https:\\\/\\\/www.animaliliberi.org\\\/site\\\/video-del-flash-mob-in-memoria-del-20-09-2023-a-sairano\\\/\",\"name\":\"Video del Flash Mob in memoria del 20.09.2023 a Sairano - Rete dei Santuari di Animali Liberi in Italia\",\"isPartOf\":{\"@id\":\"https:\\\/\\\/www.animaliliberi.org\\\/site\\\/#website\"},\"primaryImageOfPage\":{\"@id\":\"https:\\\/\\\/www.animaliliberi.org\\\/site\\\/video-del-flash-mob-in-memoria-del-20-09-2023-a-sairano\\\/#primaryimage\"},\"image\":{\"@id\":\"https:\\\/\\\/www.animaliliberi.org\\\/site\\\/video-del-flash-mob-in-memoria-del-20-09-2023-a-sairano\\\/#primaryimage\"},\"thumbnailUrl\":\"https:\\\/\\\/www.animaliliberi.org\\\/site\\\/wp-content\\\/uploads\\\/2024\\\/10\\\/sairano-2024-2-e1728402866574.jpg\",\"datePublished\":\"2024-10-08T15:52:38+00:00\",\"dateModified\":\"2024-10-08T15:54:33+00:00\",\"author\":{\"@id\":\"https:\\\/\\\/www.animaliliberi.org\\\/site\\\/#\\\/schema\\\/person\\\/355faaedc360ce898e1ae0d0a321df90\"},\"breadcrumb\":{\"@id\":\"https:\\\/\\\/www.animaliliberi.org\\\/site\\\/video-del-flash-mob-in-memoria-del-20-09-2023-a-sairano\\\/#breadcrumb\"},\"inLanguage\":\"it-IT\",\"potentialAction\":[{\"@type\":\"ReadAction\",\"target\":[\"https:\\\/\\\/www.animaliliberi.org\\\/site\\\/video-del-flash-mob-in-memoria-del-20-09-2023-a-sairano\\\/\"]}]},{\"@type\":\"ImageObject\",\"inLanguage\":\"it-IT\",\"@id\":\"https:\\\/\\\/www.animaliliberi.org\\\/site\\\/video-del-flash-mob-in-memoria-del-20-09-2023-a-sairano\\\/#primaryimage\",\"url\":\"https:\\\/\\\/www.animaliliberi.org\\\/site\\\/wp-content\\\/uploads\\\/2024\\\/10\\\/sairano-2024-2-e1728402866574.jpg\",\"contentUrl\":\"https:\\\/\\\/www.animaliliberi.org\\\/site\\\/wp-content\\\/uploads\\\/2024\\\/10\\\/sairano-2024-2-e1728402866574.jpg\",\"width\":1080,\"height\":644},{\"@type\":\"BreadcrumbList\",\"@id\":\"https:\\\/\\\/www.animaliliberi.org\\\/site\\\/video-del-flash-mob-in-memoria-del-20-09-2023-a-sairano\\\/#breadcrumb\",\"itemListElement\":[{\"@type\":\"ListItem\",\"position\":1,\"name\":\"Home\",\"item\":\"https:\\\/\\\/www.animaliliberi.org\\\/site\\\/\"},{\"@type\":\"ListItem\",\"position\":2,\"name\":\"Video del Flash Mob in memoria del 20.09.2023 a Sairano\"}]},{\"@type\":\"WebSite\",\"@id\":\"https:\\\/\\\/www.animaliliberi.org\\\/site\\\/#website\",\"url\":\"https:\\\/\\\/www.animaliliberi.org\\\/site\\\/\",\"name\":\"Rete dei Santuari di Animali Liberi in Italia\",\"description\":\"\",\"potentialAction\":[{\"@type\":\"SearchAction\",\"target\":{\"@type\":\"EntryPoint\",\"urlTemplate\":\"https:\\\/\\\/www.animaliliberi.org\\\/site\\\/?s={search_term_string}\"},\"query-input\":{\"@type\":\"PropertyValueSpecification\",\"valueRequired\":true,\"valueName\":\"search_term_string\"}}],\"inLanguage\":\"it-IT\"},{\"@type\":\"Person\",\"@id\":\"https:\\\/\\\/www.animaliliberi.org\\\/site\\\/#\\\/schema\\\/person\\\/355faaedc360ce898e1ae0d0a321df90\",\"name\":\"Animali liberi!\",\"image\":{\"@type\":\"ImageObject\",\"inLanguage\":\"it-IT\",\"@id\":\"https:\\\/\\\/secure.gravatar.com\\\/avatar\\\/c94f6dc705026779114443e8f698d1bc0e93ae97c3122c1f0fb4e209f9ff10b6?s=96&d=mm&r=g\",\"url\":\"https:\\\/\\\/secure.gravatar.com\\\/avatar\\\/c94f6dc705026779114443e8f698d1bc0e93ae97c3122c1f0fb4e209f9ff10b6?s=96&d=mm&r=g\",\"contentUrl\":\"https:\\\/\\\/secure.gravatar.com\\\/avatar\\\/c94f6dc705026779114443e8f698d1bc0e93ae97c3122c1f0fb4e209f9ff10b6?s=96&d=mm&r=g\",\"caption\":\"Animali liberi!\"},\"description\":\"In memoria di Francesca\",\"url\":\"https:\\\/\\\/www.animaliliberi.org\\\/site\\\/author\\\/admin-2-2-2-2-2-2\\\/\"}]}<\/script>\n<!-- \/ Yoast SEO plugin. -->","yoast_head_json":{"title":"Video del Flash Mob in memoria del 20.09.2023 a Sairano - Rete dei Santuari di Animali Liberi in Italia","robots":{"index":"index","follow":"follow","max-snippet":"max-snippet:-1","max-image-preview":"max-image-preview:large","max-video-preview":"max-video-preview:-1"},"canonical":"https:\/\/www.animaliliberi.org\/site\/video-del-flash-mob-in-memoria-del-20-09-2023-a-sairano\/","og_locale":"it_IT","og_type":"article","og_title":"Video del Flash Mob in memoria del 20.09.2023 a Sairano - Rete dei Santuari di Animali Liberi in Italia","og_description":"Il 20 settembre 2023 una tragedia si \u00e8 consumata presso il Santuario Progetto Cuori Liberi, rifugio di animali facente parte della Rete dei Santuari: 9 maiali residenti sono stati brutalmente uccisi dalle istituzioni. Ad un anno di distanza, nonostante le nostre richieste di deroghe, le manifestazioni, le raccolte firme, i colloqui, nulla \u00e8 cambiato. E quello che \u00e8 successo pu\u00f2 riaccadere. Il 20 settembre 2024 in memoria di quel giorno abbiamo messo in scena un flash mob che ripercorre quei giorni. Una rappresentazione spietata. Forte. Struggente. Noi non dimentichiamo. Noi non ci arrendiamo. La nostra battaglia continua. Fino all\u2019ultimo respiro. Per Crosta, Crusta, Pumba, Dorothi, Mercoled\u00ec, Bartolomeo, Ursula, Carolina e Spino, 9 maiali liberi.","og_url":"https:\/\/www.animaliliberi.org\/site\/video-del-flash-mob-in-memoria-del-20-09-2023-a-sairano\/","og_site_name":"Rete dei Santuari di Animali Liberi in Italia","article_published_time":"2024-10-08T15:52:38+00:00","article_modified_time":"2024-10-08T15:54:33+00:00","og_image":[{"width":1080,"height":644,"url":"https:\/\/www.animaliliberi.org\/site\/wp-content\/uploads\/2024\/10\/sairano-2024-2-e1728402866574.jpg","type":"image\/jpeg"}],"author":"Animali liberi!","twitter_misc":{"Scritto da":"Animali liberi!","Tempo di lettura stimato":"1 minuto"},"schema":{"@context":"https:\/\/schema.org","@graph":[{"@type":"Article","@id":"https:\/\/www.animaliliberi.org\/site\/video-del-flash-mob-in-memoria-del-20-09-2023-a-sairano\/#article","isPartOf":{"@id":"https:\/\/www.animaliliberi.org\/site\/video-del-flash-mob-in-memoria-del-20-09-2023-a-sairano\/"},"author":{"name":"Animali liberi!","@id":"https:\/\/www.animaliliberi.org\/site\/#\/schema\/person\/355faaedc360ce898e1ae0d0a321df90"},"headline":"Video del Flash Mob in memoria del 20.09.2023 a Sairano","datePublished":"2024-10-08T15:52:38+00:00","dateModified":"2024-10-08T15:54:33+00:00","mainEntityOfPage":{"@id":"https:\/\/www.animaliliberi.org\/site\/video-del-flash-mob-in-memoria-del-20-09-2023-a-sairano\/"},"wordCount":115,"image":{"@id":"https:\/\/www.animaliliberi.org\/site\/video-del-flash-mob-in-memoria-del-20-09-2023-a-sairano\/#primaryimage"},"thumbnailUrl":"https:\/\/www.animaliliberi.org\/site\/wp-content\/uploads\/2024\/10\/sairano-2024-2-e1728402866574.jpg","keywords":["cuori liberi","flash mob","sairano"],"articleSection":["Iniziative","Novit\u00e0"],"inLanguage":"it-IT"},{"@type":"WebPage","@id":"https:\/\/www.animaliliberi.org\/site\/video-del-flash-mob-in-memoria-del-20-09-2023-a-sairano\/","url":"https:\/\/www.animaliliberi.org\/site\/video-del-flash-mob-in-memoria-del-20-09-2023-a-sairano\/","name":"Video del Flash Mob in memoria del 20.09.2023 a Sairano - Rete dei Santuari di Animali Liberi in Italia","isPartOf":{"@id":"https:\/\/www.animaliliberi.org\/site\/#website"},"primaryImageOfPage":{"@id":"https:\/\/www.animaliliberi.org\/site\/video-del-flash-mob-in-memoria-del-20-09-2023-a-sairano\/#primaryimage"},"image":{"@id":"https:\/\/www.animaliliberi.org\/site\/video-del-flash-mob-in-memoria-del-20-09-2023-a-sairano\/#primaryimage"},"thumbnailUrl":"https:\/\/www.animaliliberi.org\/site\/wp-content\/uploads\/2024\/10\/sairano-2024-2-e1728402866574.jpg","datePublished":"2024-10-08T15:52:38+00:00","dateModified":"2024-10-08T15:54:33+00:00","author":{"@id":"https:\/\/www.animaliliberi.org\/site\/#\/schema\/person\/355faaedc360ce898e1ae0d0a321df90"},"breadcrumb":{"@id":"https:\/\/www.animaliliberi.org\/site\/video-del-flash-mob-in-memoria-del-20-09-2023-a-sairano\/#breadcrumb"},"inLanguage":"it-IT","potentialAction":[{"@type":"ReadAction","target":["https:\/\/www.animaliliberi.org\/site\/video-del-flash-mob-in-memoria-del-20-09-2023-a-sairano\/"]}]},{"@type":"ImageObject","inLanguage":"it-IT","@id":"https:\/\/www.animaliliberi.org\/site\/video-del-flash-mob-in-memoria-del-20-09-2023-a-sairano\/#primaryimage","url":"https:\/\/www.animaliliberi.org\/site\/wp-content\/uploads\/2024\/10\/sairano-2024-2-e1728402866574.jpg","contentUrl":"https:\/\/www.animaliliberi.org\/site\/wp-content\/uploads\/2024\/10\/sairano-2024-2-e1728402866574.jpg","width":1080,"height":644},{"@type":"BreadcrumbList","@id":"https:\/\/www.animaliliberi.org\/site\/video-del-flash-mob-in-memoria-del-20-09-2023-a-sairano\/#breadcrumb","itemListElement":[{"@type":"ListItem","position":1,"name":"Home","item":"https:\/\/www.animaliliberi.org\/site\/"},{"@type":"ListItem","position":2,"name":"Video del Flash Mob in memoria del 20.09.2023 a Sairano"}]},{"@type":"WebSite","@id":"https:\/\/www.animaliliberi.org\/site\/#website","url":"https:\/\/www.animaliliberi.org\/site\/","name":"Rete dei Santuari di Animali Liberi in Italia","description":"","potentialAction":[{"@type":"SearchAction","target":{"@type":"EntryPoint","urlTemplate":"https:\/\/www.animaliliberi.org\/site\/?s={search_term_string}"},"query-input":{"@type":"PropertyValueSpecification","valueRequired":true,"valueName":"search_term_string"}}],"inLanguage":"it-IT"},{"@type":"Person","@id":"https:\/\/www.animaliliberi.org\/site\/#\/schema\/person\/355faaedc360ce898e1ae0d0a321df90","name":"Animali liberi!","image":{"@type":"ImageObject","inLanguage":"it-IT","@id":"https:\/\/secure.gravatar.com\/avatar\/c94f6dc705026779114443e8f698d1bc0e93ae97c3122c1f0fb4e209f9ff10b6?s=96&d=mm&r=g","url":"https:\/\/secure.gravatar.com\/avatar\/c94f6dc705026779114443e8f698d1bc0e93ae97c3122c1f0fb4e209f9ff10b6?s=96&d=mm&r=g","contentUrl":"https:\/\/secure.gravatar.com\/avatar\/c94f6dc705026779114443e8f698d1bc0e93ae97c3122c1f0fb4e209f9ff10b6?s=96&d=mm&r=g","caption":"Animali liberi!"},"description":"In memoria di Francesca","url":"https:\/\/www.animaliliberi.org\/site\/author\/admin-2-2-2-2-2-2\/"}]}},"views":817,"_links":{"self":[{"href":"https:\/\/www.animaliliberi.org\/site\/wp-json\/wp\/v2\/posts\/1615","targetHints":{"allow":["GET"]}}],"collection":[{"href":"https:\/\/www.animaliliberi.org\/site\/wp-json\/wp\/v2\/posts"}],"about":[{"href":"https:\/\/www.animaliliberi.org\/site\/wp-json\/wp\/v2\/types\/post"}],"author":[{"embeddable":true,"href":"https:\/\/www.animaliliberi.org\/site\/wp-json\/wp\/v2\/users\/1"}],"replies":[{"embeddable":true,"href":"https:\/\/www.animaliliberi.org\/site\/wp-json\/wp\/v2\/comments?post=1615"}],"version-history":[{"count":3,"href":"https:\/\/www.animaliliberi.org\/site\/wp-json\/wp\/v2\/posts\/1615\/revisions"}],"predecessor-version":[{"id":1618,"href":"https:\/\/www.animaliliberi.org\/site\/wp-json\/wp\/v2\/posts\/1615\/revisions\/1618"}],"wp:featuredmedia":[{"embeddable":true,"href":"https:\/\/www.animaliliberi.org\/site\/wp-json\/wp\/v2\/media\/1619"}],"wp:attachment":[{"href":"https:\/\/www.animaliliberi.org\/site\/wp-json\/wp\/v2\/media?parent=1615"}],"wp:term":[{"taxonomy":"category","embeddable":true,"href":"https:\/\/www.animaliliberi.org\/site\/wp-json\/wp\/v2\/categories?post=1615"},{"taxonomy":"post_tag","embeddable":true,"href":"https:\/\/www.animaliliberi.org\/site\/wp-json\/wp\/v2\/tags?post=1615"}],"curies":[{"name":"wp","href":"https:\/\/api.w.org\/{rel}","templated":true}]}}