{"id":1254,"date":"2023-11-06T15:47:21","date_gmt":"2023-11-06T14:47:21","guid":{"rendered":"http:\/\/www.animaliliberi.org\/site\/?p=1254"},"modified":"2023-11-06T15:50:27","modified_gmt":"2023-11-06T14:50:27","slug":"roma-manifestazione-nazionale-giu-le-mani-dai-santuari","status":"publish","type":"post","link":"https:\/\/www.animaliliberi.org\/site\/roma-manifestazione-nazionale-giu-le-mani-dai-santuari\/","title":{"rendered":"ROMA: MANIFESTAZIONE NAZIONALE, Gi\u00f9 le mani dai Santuari!"},"content":{"rendered":"<p>Durante e dopo <a href=\"http:\/\/www.animaliliberi.org\/site\/comunicato-stampa-20-settembre-2023\/\">i fatti accaduti<\/a> presso il <em>Rifugio Progetto Cuori Liberi<\/em> di Sairano, le istituzioni non hanno MAI accettato un confronto con noi e non hanno MAI voluto ascoltare le nostre richieste.<\/p>\n<p>Abbiamo presidiato a Pavia, abbiamo marciato su Milano, <strong>ADESSO<\/strong> dobbiamo riempire il Circo Massimo ed assaltare pacificamente il Ministero a Roma!<\/p>\n<p>Ci vediamo:<\/p>\n<h3>SABATO 18 Novembre ore 14 a Roma, MANIFESTAZIONE<\/h3>\n<h3>LUNED\u00cc 20 Novembre ore 8 a Roma, presso il Ministero della Salute<\/h3>\n<p>Dobbiamo essere una <strong>MAREA<\/strong>, arrivare fin sotto agli uffici di chi ha permesso il massacro del 20 settembre 2023.<\/p>\n<p>Noi <strong>NON CI FERMEREMO<\/strong> finch\u00e9 non avremo risposte e giustizia perch\u00e9 quello che \u00e8 accaduto al Rifugio Cuori Liberi non accada <strong>MAI PI\u00d9<\/strong>!<\/p>\n<p>Ricordiamo che \u00e8 importante essere ancora unite e uniti in questa lotta.<br \/>\nPer questo preghiamo tutte le persone e le realt\u00e0 solidali di fare riferimento, per qualsiasi iniziativa, alla <em><strong>@retedeisantuari_official<\/strong><\/em> che si coordina con i gruppi che hanno condotto questa resistenza in prima persona.<\/p>\n<p>Appena possibile tutti i dettagli!<\/p>\n<hr \/>\n<p><strong>Di seguito una galleria di illustrazioni delle LINEE GUIDA sulla manifestazione.<br \/>\n<\/strong><\/p>\n\n\t\t<div id='gallery-1' class='gallery galleryid-1254 gallery-columns-2 gallery-size-medium gallery1'><script type=\"text\/javascript\">\r\n\/\/ <![CDATA[\r\n\tjQuery(document).ready(function () {\r\n\t\tjQuery(\".gallery1 a\").attr(\"rel\",\"gallery1\");\t\r\n\t\tjQuery('a[rel=\"gallery1\"]').colorbox({maxWidth:\"95%\", maxHeight:\"95%\",title: function(){ return jQuery(this).children().attr(\"alt\"); }, });\r\n\t});\r\n\/\/ ]]>\r\n<\/script>\n\r\n\t\t\t<style type=\"text\/css\">\r\n\t\t\t\t#cboxCurrent { display:none !important; }\r\n\t\t\t<\/style>\n<figure class=\"gallery-item\">\n<div class=\"gallery-icon\">\r\n<a href=\"https:\/\/www.animaliliberi.org\/site\/wp-content\/uploads\/2023\/11\/WhatsApp-Image-2023-11-05-at-21.04.10.jpeg\" title=\"Linee guida sulla manifestazione\" rel=\"gallery1\"><img loading=\"lazy\" decoding=\"async\" src=\"https:\/\/www.animaliliberi.org\/site\/wp-content\/uploads\/2023\/11\/WhatsApp-Image-2023-11-05-at-21.04.10-300x300.jpeg\" width=\"300\" height=\"300\" alt=\"Linee guida sulla manifestazione\" \/><\/a>\r\n<\/div><figcaption class=\"gallery-caption\" id=\"caption1255\"><span class=\"imagecaption\">Linee guida sulla manifestazione<\/span><br \/>\n<\/figcaption><\/figure><figure class=\"gallery-item\">\n<div class=\"gallery-icon\">\r\n<a href=\"https:\/\/www.animaliliberi.org\/site\/wp-content\/uploads\/2023\/11\/WhatsApp-Image-2023-11-05-at-21.04.10-2.jpeg\" title=\"Comportamento\" rel=\"gallery1\"><img loading=\"lazy\" decoding=\"async\" src=\"https:\/\/www.animaliliberi.org\/site\/wp-content\/uploads\/2023\/11\/WhatsApp-Image-2023-11-05-at-21.04.10-2-300x300.jpeg\" width=\"300\" height=\"300\" alt=\"Comportamento\" \/><\/a>\r\n<\/div><figcaption class=\"gallery-caption\" id=\"caption1256\"><span class=\"imagecaption\">Comportamento<\/span><br \/>\n<\/figcaption><\/figure><figure class=\"gallery-item\">\n<div class=\"gallery-icon\">\r\n<a href=\"https:\/\/www.animaliliberi.org\/site\/wp-content\/uploads\/2023\/11\/WhatsApp-Image-2023-11-05-at-21.04.10-3.jpeg\" title=\"Slogan, striscioni, cartellonistica\" rel=\"gallery1\"><img loading=\"lazy\" decoding=\"async\" src=\"https:\/\/www.animaliliberi.org\/site\/wp-content\/uploads\/2023\/11\/WhatsApp-Image-2023-11-05-at-21.04.10-3-300x300.jpeg\" width=\"300\" height=\"300\" alt=\"Slogan, striscioni, cartellonistica\" \/><\/a>\r\n<\/div><figcaption class=\"gallery-caption\" id=\"caption1257\"><span class=\"imagecaption\">Slogan, striscioni, cartellonistica<\/span><br \/>\n<\/figcaption><\/figure><figure class=\"gallery-item\">\n<div class=\"gallery-icon\">\r\n<a href=\"https:\/\/www.animaliliberi.org\/site\/wp-content\/uploads\/2023\/11\/WhatsApp-Image-2023-11-05-at-21.04.10-4.jpeg\" title=\"Loghi di gruppi e associazioni\" rel=\"gallery1\"><img loading=\"lazy\" decoding=\"async\" src=\"https:\/\/www.animaliliberi.org\/site\/wp-content\/uploads\/2023\/11\/WhatsApp-Image-2023-11-05-at-21.04.10-4-300x300.jpeg\" width=\"300\" height=\"300\" alt=\"Loghi di gruppi e associazioni\" \/><\/a>\r\n<\/div><figcaption class=\"gallery-caption\" id=\"caption1258\"><span class=\"imagecaption\">Loghi di gruppi e associazioni<\/span><br \/>\n<\/figcaption><\/figure><figure class=\"gallery-item\">\n<div class=\"gallery-icon\">\r\n<a href=\"https:\/\/www.animaliliberi.org\/site\/wp-content\/uploads\/2023\/11\/WhatsApp-Image-2023-11-05-at-21.04.10-5.jpeg\" title=\"Abbigliamento\" rel=\"gallery1\"><img loading=\"lazy\" decoding=\"async\" src=\"https:\/\/www.animaliliberi.org\/site\/wp-content\/uploads\/2023\/11\/WhatsApp-Image-2023-11-05-at-21.04.10-5-300x300.jpeg\" width=\"300\" height=\"300\" alt=\"Abbigliamento\" \/><\/a>\r\n<\/div><figcaption class=\"gallery-caption\" id=\"caption1259\"><span class=\"imagecaption\">Abbigliamento<\/span><br \/>\n<\/figcaption><\/figure><figure class=\"gallery-item\">\n<div class=\"gallery-icon\">\r\n<a href=\"https:\/\/www.animaliliberi.org\/site\/wp-content\/uploads\/2023\/11\/WhatsApp-Image-2023-11-05-at-21.04.10-6.jpeg\" title=\"Supporti audio e video\" rel=\"gallery1\"><img loading=\"lazy\" decoding=\"async\" src=\"https:\/\/www.animaliliberi.org\/site\/wp-content\/uploads\/2023\/11\/WhatsApp-Image-2023-11-05-at-21.04.10-6-300x300.jpeg\" width=\"300\" height=\"300\" alt=\"Supporti audio e video\" \/><\/a>\r\n<\/div><figcaption class=\"gallery-caption\" id=\"caption1260\"><span class=\"imagecaption\">Supporti audio e video<\/span><br \/>\n<\/figcaption><\/figure><figure class=\"gallery-item\">\n<div class=\"gallery-icon\">\r\n<a href=\"https:\/\/www.animaliliberi.org\/site\/wp-content\/uploads\/2023\/11\/WhatsApp-Image-2023-11-05-at-21.04.11-7.jpeg\" title=\"Staff di supporto\" rel=\"gallery1\"><img loading=\"lazy\" decoding=\"async\" src=\"https:\/\/www.animaliliberi.org\/site\/wp-content\/uploads\/2023\/11\/WhatsApp-Image-2023-11-05-at-21.04.11-7-300x300.jpeg\" width=\"300\" height=\"300\" alt=\"Staff di supporto\" \/><\/a>\r\n<\/div><figcaption class=\"gallery-caption\" id=\"caption1261\"><span class=\"imagecaption\">Staff di supporto<\/span><br \/>\n<\/figcaption><\/figure><figure class=\"gallery-item\">\n<div class=\"gallery-icon\">\r\n<a href=\"https:\/\/www.animaliliberi.org\/site\/wp-content\/uploads\/2023\/11\/WhatsApp-Image-2023-11-05-at-23.18.32.jpeg\" title=\"Come raggiungerci 1\" rel=\"gallery1\"><img loading=\"lazy\" decoding=\"async\" src=\"https:\/\/www.animaliliberi.org\/site\/wp-content\/uploads\/2023\/11\/WhatsApp-Image-2023-11-05-at-23.18.32-300x300.jpeg\" width=\"300\" height=\"300\" alt=\"Come raggiungerci 1\" \/><\/a>\r\n<\/div><figcaption class=\"gallery-caption\" id=\"caption1262\"><span class=\"imagecaption\">Come raggiungerci 1<\/span><br \/>\n<\/figcaption><\/figure><figure class=\"gallery-item\">\n<div class=\"gallery-icon\">\r\n<a href=\"https:\/\/www.animaliliberi.org\/site\/wp-content\/uploads\/2023\/11\/WhatsApp-Image-2023-11-05-at-23.18.32-2.jpeg\" title=\"Come raggiungerci 2\" rel=\"gallery1\"><img loading=\"lazy\" decoding=\"async\" src=\"https:\/\/www.animaliliberi.org\/site\/wp-content\/uploads\/2023\/11\/WhatsApp-Image-2023-11-05-at-23.18.32-2-300x300.jpeg\" width=\"300\" height=\"300\" alt=\"Come raggiungerci 2\" \/><\/a>\r\n<\/div><figcaption class=\"gallery-caption\" id=\"caption1263\"><span class=\"imagecaption\">Come raggiungerci 2<\/span><br \/>\n<\/figcaption><\/figure><figure class=\"gallery-item\">\n<div class=\"gallery-icon\">\r\n<a href=\"https:\/\/www.animaliliberi.org\/site\/wp-content\/uploads\/2023\/11\/WhatsApp-Image-2023-11-05-at-23.18.32-3.jpeg\" title=\"Come raggiungerci 3\" rel=\"gallery1\"><img loading=\"lazy\" decoding=\"async\" src=\"https:\/\/www.animaliliberi.org\/site\/wp-content\/uploads\/2023\/11\/WhatsApp-Image-2023-11-05-at-23.18.32-3-300x300.jpeg\" width=\"300\" height=\"300\" alt=\"Come raggiungerci 3\" \/><\/a>\r\n<\/div><figcaption class=\"gallery-caption\" id=\"caption1264\"><span class=\"imagecaption\">Come raggiungerci 3<\/span><br \/>\n<\/figcaption><\/figure>\r\n\t\t<\/div>\n\n","protected":false},"excerpt":{"rendered":"<p>Durante e dopo i fatti accaduti presso il Rifugio Progetto Cuori Liberi di Sairano, le istituzioni non hanno MAI accettato un confronto con noi e non hanno MAI voluto ascoltare le nostre richieste. Abbiamo presidiato a Pavia, abbiamo marciato su Milano, ADESSO dobbiamo riempire il Circo Massimo ed assaltare pacificamente il Ministero a Roma! Ci vediamo: SABATO 18 Novembre ore 14 a Roma, MANIFESTAZIONE LUNED\u00cc 20 Novembre ore 8 a Roma, presso il Ministero della Salute Dobbiamo essere una MAREA, arrivare fin sotto agli uffici di chi ha permesso il massacro del 20 settembre 2023. Noi NON CI FERMEREMO finch\u00e9 non avremo risposte e giustizia perch\u00e9 quello che \u00e8 accaduto al Rifugio Cuori Liberi non accada MAI PI\u00d9! Ricordiamo che \u00e8 importante essere ancora unite e uniti in questa lotta. Per questo preghiamo tutte le persone e le realt\u00e0 solidali di fare riferimento, per qualsiasi iniziativa, alla @retedeisantuari_official che si coordina con i gruppi che hanno condotto questa resistenza in prima persona. Appena possibile tutti i dettagli! Di seguito una galleria di illustrazioni delle LINEE GUIDA sulla manifestazione.<\/p>\n","protected":false},"author":1,"featured_media":1265,"comment_status":"closed","ping_status":"closed","sticky":false,"template":"","format":"standard","meta":{"footnotes":""},"categories":[133,48],"tags":[310,69,313,308,178,46,307,306,305,309,286,222,311,312],"class_list":["post-1254","post","type-post","status-publish","format-standard","has-post-thumbnail","hentry","category-comunicati","category-iniziative","tag-animalismo","tag-antispecismo","tag-circo-massimo","tag-corteo-roma","tag-cuori-liberi","tag-liberazione-animale","tag-manifestazione-animalista","tag-manifestazione-antispecista","tag-manifestazione-rona","tag-ministero-della-salute","tag-peste-suina-africana","tag-rete-santuari-animali-liberi-in-italia","tag-strage-maiali-cuori-liberi","tag-strage-sairano"],"yoast_head":"<!-- This site is optimized with the Yoast SEO plugin v27.4 - https:\/\/yoast.com\/product\/yoast-seo-wordpress\/ -->\n<title>ROMA: MANIFESTAZIONE NAZIONALE, Gi\u00f9 le mani dai Santuari! - Rete dei Santuari di Animali Liberi in Italia<\/title>\n<meta name=\"description\" content=\"SABATO 18 Novembre ore 14 a Roma, MANIFESTAZIONE - LUNED\u00cc 20 Novembre ore 8 a Roma, presso il Ministero della Salute\" \/>\n<meta name=\"robots\" content=\"index, follow, max-snippet:-1, max-image-preview:large, max-video-preview:-1\" \/>\n<link rel=\"canonical\" href=\"https:\/\/www.animaliliberi.org\/site\/roma-manifestazione-nazionale-giu-le-mani-dai-santuari\/\" \/>\n<meta property=\"og:locale\" content=\"it_IT\" \/>\n<meta property=\"og:type\" content=\"article\" \/>\n<meta property=\"og:title\" content=\"ROMA: MANIFESTAZIONE NAZIONALE, Gi\u00f9 le mani dai Santuari! - Rete dei Santuari di Animali Liberi in Italia\" \/>\n<meta property=\"og:description\" content=\"SABATO 18 Novembre ore 14 a Roma, MANIFESTAZIONE - LUNED\u00cc 20 Novembre ore 8 a Roma, presso il Ministero della Salute\" \/>\n<meta property=\"og:url\" content=\"https:\/\/www.animaliliberi.org\/site\/roma-manifestazione-nazionale-giu-le-mani-dai-santuari\/\" \/>\n<meta property=\"og:site_name\" content=\"Rete dei Santuari di Animali Liberi in Italia\" \/>\n<meta property=\"article:published_time\" content=\"2023-11-06T14:47:21+00:00\" \/>\n<meta property=\"article:modified_time\" content=\"2023-11-06T14:50:27+00:00\" \/>\n<meta property=\"og:image\" content=\"https:\/\/www.animaliliberi.org\/site\/wp-content\/uploads\/2023\/11\/WhatsApp-Image-2023-11-05-at-21.03.16.jpeg\" \/>\n\t<meta property=\"og:image:width\" content=\"1080\" \/>\n\t<meta property=\"og:image:height\" content=\"1080\" \/>\n\t<meta property=\"og:image:type\" content=\"image\/jpeg\" \/>\n<meta name=\"author\" content=\"Animali liberi!\" \/>\n<meta name=\"twitter:label1\" content=\"Scritto da\" \/>\n\t<meta name=\"twitter:data1\" content=\"Animali liberi!\" \/>\n\t<meta name=\"twitter:label2\" content=\"Tempo di lettura stimato\" \/>\n\t<meta name=\"twitter:data2\" content=\"1 minuto\" \/>\n<script type=\"application\/ld+json\" class=\"yoast-schema-graph\">{\"@context\":\"https:\\\/\\\/schema.org\",\"@graph\":[{\"@type\":\"Article\",\"@id\":\"https:\\\/\\\/www.animaliliberi.org\\\/site\\\/roma-manifestazione-nazionale-giu-le-mani-dai-santuari\\\/#article\",\"isPartOf\":{\"@id\":\"https:\\\/\\\/www.animaliliberi.org\\\/site\\\/roma-manifestazione-nazionale-giu-le-mani-dai-santuari\\\/\"},\"author\":{\"name\":\"Animali liberi!\",\"@id\":\"https:\\\/\\\/www.animaliliberi.org\\\/site\\\/#\\\/schema\\\/person\\\/355faaedc360ce898e1ae0d0a321df90\"},\"headline\":\"ROMA: MANIFESTAZIONE NAZIONALE, Gi\u00f9 le mani dai Santuari!\",\"datePublished\":\"2023-11-06T14:47:21+00:00\",\"dateModified\":\"2023-11-06T14:50:27+00:00\",\"mainEntityOfPage\":{\"@id\":\"https:\\\/\\\/www.animaliliberi.org\\\/site\\\/roma-manifestazione-nazionale-giu-le-mani-dai-santuari\\\/\"},\"wordCount\":186,\"image\":{\"@id\":\"https:\\\/\\\/www.animaliliberi.org\\\/site\\\/roma-manifestazione-nazionale-giu-le-mani-dai-santuari\\\/#primaryimage\"},\"thumbnailUrl\":\"https:\\\/\\\/www.animaliliberi.org\\\/site\\\/wp-content\\\/uploads\\\/2023\\\/11\\\/WhatsApp-Image-2023-11-05-at-21.03.16.jpeg\",\"keywords\":[\"animalismo\",\"antispecismo\",\"circo massimo\",\"corteo roma\",\"cuori liberi\",\"liberazione animale\",\"manifestazione animalista\",\"manifestazione antispecista\",\"manifestazione rona\",\"Ministero della Salute\",\"peste suina africana\",\"rete santuari animali liberi in italia\",\"strage maiali cuori liberi\",\"strage sairano\"],\"articleSection\":[\"comunicati\",\"Iniziative\"],\"inLanguage\":\"it-IT\"},{\"@type\":\"WebPage\",\"@id\":\"https:\\\/\\\/www.animaliliberi.org\\\/site\\\/roma-manifestazione-nazionale-giu-le-mani-dai-santuari\\\/\",\"url\":\"https:\\\/\\\/www.animaliliberi.org\\\/site\\\/roma-manifestazione-nazionale-giu-le-mani-dai-santuari\\\/\",\"name\":\"ROMA: MANIFESTAZIONE NAZIONALE, Gi\u00f9 le mani dai Santuari! - Rete dei Santuari di Animali Liberi in Italia\",\"isPartOf\":{\"@id\":\"https:\\\/\\\/www.animaliliberi.org\\\/site\\\/#website\"},\"primaryImageOfPage\":{\"@id\":\"https:\\\/\\\/www.animaliliberi.org\\\/site\\\/roma-manifestazione-nazionale-giu-le-mani-dai-santuari\\\/#primaryimage\"},\"image\":{\"@id\":\"https:\\\/\\\/www.animaliliberi.org\\\/site\\\/roma-manifestazione-nazionale-giu-le-mani-dai-santuari\\\/#primaryimage\"},\"thumbnailUrl\":\"https:\\\/\\\/www.animaliliberi.org\\\/site\\\/wp-content\\\/uploads\\\/2023\\\/11\\\/WhatsApp-Image-2023-11-05-at-21.03.16.jpeg\",\"datePublished\":\"2023-11-06T14:47:21+00:00\",\"dateModified\":\"2023-11-06T14:50:27+00:00\",\"author\":{\"@id\":\"https:\\\/\\\/www.animaliliberi.org\\\/site\\\/#\\\/schema\\\/person\\\/355faaedc360ce898e1ae0d0a321df90\"},\"description\":\"SABATO 18 Novembre ore 14 a Roma, MANIFESTAZIONE - LUNED\u00cc 20 Novembre ore 8 a Roma, presso il Ministero della Salute\",\"breadcrumb\":{\"@id\":\"https:\\\/\\\/www.animaliliberi.org\\\/site\\\/roma-manifestazione-nazionale-giu-le-mani-dai-santuari\\\/#breadcrumb\"},\"inLanguage\":\"it-IT\",\"potentialAction\":[{\"@type\":\"ReadAction\",\"target\":[\"https:\\\/\\\/www.animaliliberi.org\\\/site\\\/roma-manifestazione-nazionale-giu-le-mani-dai-santuari\\\/\"]}]},{\"@type\":\"ImageObject\",\"inLanguage\":\"it-IT\",\"@id\":\"https:\\\/\\\/www.animaliliberi.org\\\/site\\\/roma-manifestazione-nazionale-giu-le-mani-dai-santuari\\\/#primaryimage\",\"url\":\"https:\\\/\\\/www.animaliliberi.org\\\/site\\\/wp-content\\\/uploads\\\/2023\\\/11\\\/WhatsApp-Image-2023-11-05-at-21.03.16.jpeg\",\"contentUrl\":\"https:\\\/\\\/www.animaliliberi.org\\\/site\\\/wp-content\\\/uploads\\\/2023\\\/11\\\/WhatsApp-Image-2023-11-05-at-21.03.16.jpeg\",\"width\":1080,\"height\":1080},{\"@type\":\"BreadcrumbList\",\"@id\":\"https:\\\/\\\/www.animaliliberi.org\\\/site\\\/roma-manifestazione-nazionale-giu-le-mani-dai-santuari\\\/#breadcrumb\",\"itemListElement\":[{\"@type\":\"ListItem\",\"position\":1,\"name\":\"Home\",\"item\":\"https:\\\/\\\/www.animaliliberi.org\\\/site\\\/\"},{\"@type\":\"ListItem\",\"position\":2,\"name\":\"ROMA: MANIFESTAZIONE NAZIONALE, Gi\u00f9 le mani dai Santuari!\"}]},{\"@type\":\"WebSite\",\"@id\":\"https:\\\/\\\/www.animaliliberi.org\\\/site\\\/#website\",\"url\":\"https:\\\/\\\/www.animaliliberi.org\\\/site\\\/\",\"name\":\"Rete dei Santuari di Animali Liberi in Italia\",\"description\":\"\",\"potentialAction\":[{\"@type\":\"SearchAction\",\"target\":{\"@type\":\"EntryPoint\",\"urlTemplate\":\"https:\\\/\\\/www.animaliliberi.org\\\/site\\\/?s={search_term_string}\"},\"query-input\":{\"@type\":\"PropertyValueSpecification\",\"valueRequired\":true,\"valueName\":\"search_term_string\"}}],\"inLanguage\":\"it-IT\"},{\"@type\":\"Person\",\"@id\":\"https:\\\/\\\/www.animaliliberi.org\\\/site\\\/#\\\/schema\\\/person\\\/355faaedc360ce898e1ae0d0a321df90\",\"name\":\"Animali liberi!\",\"image\":{\"@type\":\"ImageObject\",\"inLanguage\":\"it-IT\",\"@id\":\"https:\\\/\\\/secure.gravatar.com\\\/avatar\\\/c94f6dc705026779114443e8f698d1bc0e93ae97c3122c1f0fb4e209f9ff10b6?s=96&d=mm&r=g\",\"url\":\"https:\\\/\\\/secure.gravatar.com\\\/avatar\\\/c94f6dc705026779114443e8f698d1bc0e93ae97c3122c1f0fb4e209f9ff10b6?s=96&d=mm&r=g\",\"contentUrl\":\"https:\\\/\\\/secure.gravatar.com\\\/avatar\\\/c94f6dc705026779114443e8f698d1bc0e93ae97c3122c1f0fb4e209f9ff10b6?s=96&d=mm&r=g\",\"caption\":\"Animali liberi!\"},\"description\":\"In memoria di Francesca\",\"url\":\"https:\\\/\\\/www.animaliliberi.org\\\/site\\\/author\\\/admin-2-2-2-2-2-2\\\/\"}]}<\/script>\n<!-- \/ Yoast SEO plugin. -->","yoast_head_json":{"title":"ROMA: MANIFESTAZIONE NAZIONALE, Gi\u00f9 le mani dai Santuari! - Rete dei Santuari di Animali Liberi in Italia","description":"SABATO 18 Novembre ore 14 a Roma, MANIFESTAZIONE - LUNED\u00cc 20 Novembre ore 8 a Roma, presso il Ministero della Salute","robots":{"index":"index","follow":"follow","max-snippet":"max-snippet:-1","max-image-preview":"max-image-preview:large","max-video-preview":"max-video-preview:-1"},"canonical":"https:\/\/www.animaliliberi.org\/site\/roma-manifestazione-nazionale-giu-le-mani-dai-santuari\/","og_locale":"it_IT","og_type":"article","og_title":"ROMA: MANIFESTAZIONE NAZIONALE, Gi\u00f9 le mani dai Santuari! - Rete dei Santuari di Animali Liberi in Italia","og_description":"SABATO 18 Novembre ore 14 a Roma, MANIFESTAZIONE - LUNED\u00cc 20 Novembre ore 8 a Roma, presso il Ministero della Salute","og_url":"https:\/\/www.animaliliberi.org\/site\/roma-manifestazione-nazionale-giu-le-mani-dai-santuari\/","og_site_name":"Rete dei Santuari di Animali Liberi in Italia","article_published_time":"2023-11-06T14:47:21+00:00","article_modified_time":"2023-11-06T14:50:27+00:00","og_image":[{"width":1080,"height":1080,"url":"https:\/\/www.animaliliberi.org\/site\/wp-content\/uploads\/2023\/11\/WhatsApp-Image-2023-11-05-at-21.03.16.jpeg","type":"image\/jpeg"}],"author":"Animali liberi!","twitter_misc":{"Scritto da":"Animali liberi!","Tempo di lettura stimato":"1 minuto"},"schema":{"@context":"https:\/\/schema.org","@graph":[{"@type":"Article","@id":"https:\/\/www.animaliliberi.org\/site\/roma-manifestazione-nazionale-giu-le-mani-dai-santuari\/#article","isPartOf":{"@id":"https:\/\/www.animaliliberi.org\/site\/roma-manifestazione-nazionale-giu-le-mani-dai-santuari\/"},"author":{"name":"Animali liberi!","@id":"https:\/\/www.animaliliberi.org\/site\/#\/schema\/person\/355faaedc360ce898e1ae0d0a321df90"},"headline":"ROMA: MANIFESTAZIONE NAZIONALE, Gi\u00f9 le mani dai Santuari!","datePublished":"2023-11-06T14:47:21+00:00","dateModified":"2023-11-06T14:50:27+00:00","mainEntityOfPage":{"@id":"https:\/\/www.animaliliberi.org\/site\/roma-manifestazione-nazionale-giu-le-mani-dai-santuari\/"},"wordCount":186,"image":{"@id":"https:\/\/www.animaliliberi.org\/site\/roma-manifestazione-nazionale-giu-le-mani-dai-santuari\/#primaryimage"},"thumbnailUrl":"https:\/\/www.animaliliberi.org\/site\/wp-content\/uploads\/2023\/11\/WhatsApp-Image-2023-11-05-at-21.03.16.jpeg","keywords":["animalismo","antispecismo","circo massimo","corteo roma","cuori liberi","liberazione animale","manifestazione animalista","manifestazione antispecista","manifestazione rona","Ministero della Salute","peste suina africana","rete santuari animali liberi in italia","strage maiali cuori liberi","strage sairano"],"articleSection":["comunicati","Iniziative"],"inLanguage":"it-IT"},{"@type":"WebPage","@id":"https:\/\/www.animaliliberi.org\/site\/roma-manifestazione-nazionale-giu-le-mani-dai-santuari\/","url":"https:\/\/www.animaliliberi.org\/site\/roma-manifestazione-nazionale-giu-le-mani-dai-santuari\/","name":"ROMA: MANIFESTAZIONE NAZIONALE, Gi\u00f9 le mani dai Santuari! - Rete dei Santuari di Animali Liberi in Italia","isPartOf":{"@id":"https:\/\/www.animaliliberi.org\/site\/#website"},"primaryImageOfPage":{"@id":"https:\/\/www.animaliliberi.org\/site\/roma-manifestazione-nazionale-giu-le-mani-dai-santuari\/#primaryimage"},"image":{"@id":"https:\/\/www.animaliliberi.org\/site\/roma-manifestazione-nazionale-giu-le-mani-dai-santuari\/#primaryimage"},"thumbnailUrl":"https:\/\/www.animaliliberi.org\/site\/wp-content\/uploads\/2023\/11\/WhatsApp-Image-2023-11-05-at-21.03.16.jpeg","datePublished":"2023-11-06T14:47:21+00:00","dateModified":"2023-11-06T14:50:27+00:00","author":{"@id":"https:\/\/www.animaliliberi.org\/site\/#\/schema\/person\/355faaedc360ce898e1ae0d0a321df90"},"description":"SABATO 18 Novembre ore 14 a Roma, MANIFESTAZIONE - LUNED\u00cc 20 Novembre ore 8 a Roma, presso il Ministero della Salute","breadcrumb":{"@id":"https:\/\/www.animaliliberi.org\/site\/roma-manifestazione-nazionale-giu-le-mani-dai-santuari\/#breadcrumb"},"inLanguage":"it-IT","potentialAction":[{"@type":"ReadAction","target":["https:\/\/www.animaliliberi.org\/site\/roma-manifestazione-nazionale-giu-le-mani-dai-santuari\/"]}]},{"@type":"ImageObject","inLanguage":"it-IT","@id":"https:\/\/www.animaliliberi.org\/site\/roma-manifestazione-nazionale-giu-le-mani-dai-santuari\/#primaryimage","url":"https:\/\/www.animaliliberi.org\/site\/wp-content\/uploads\/2023\/11\/WhatsApp-Image-2023-11-05-at-21.03.16.jpeg","contentUrl":"https:\/\/www.animaliliberi.org\/site\/wp-content\/uploads\/2023\/11\/WhatsApp-Image-2023-11-05-at-21.03.16.jpeg","width":1080,"height":1080},{"@type":"BreadcrumbList","@id":"https:\/\/www.animaliliberi.org\/site\/roma-manifestazione-nazionale-giu-le-mani-dai-santuari\/#breadcrumb","itemListElement":[{"@type":"ListItem","position":1,"name":"Home","item":"https:\/\/www.animaliliberi.org\/site\/"},{"@type":"ListItem","position":2,"name":"ROMA: MANIFESTAZIONE NAZIONALE, Gi\u00f9 le mani dai Santuari!"}]},{"@type":"WebSite","@id":"https:\/\/www.animaliliberi.org\/site\/#website","url":"https:\/\/www.animaliliberi.org\/site\/","name":"Rete dei Santuari di Animali Liberi in Italia","description":"","potentialAction":[{"@type":"SearchAction","target":{"@type":"EntryPoint","urlTemplate":"https:\/\/www.animaliliberi.org\/site\/?s={search_term_string}"},"query-input":{"@type":"PropertyValueSpecification","valueRequired":true,"valueName":"search_term_string"}}],"inLanguage":"it-IT"},{"@type":"Person","@id":"https:\/\/www.animaliliberi.org\/site\/#\/schema\/person\/355faaedc360ce898e1ae0d0a321df90","name":"Animali liberi!","image":{"@type":"ImageObject","inLanguage":"it-IT","@id":"https:\/\/secure.gravatar.com\/avatar\/c94f6dc705026779114443e8f698d1bc0e93ae97c3122c1f0fb4e209f9ff10b6?s=96&d=mm&r=g","url":"https:\/\/secure.gravatar.com\/avatar\/c94f6dc705026779114443e8f698d1bc0e93ae97c3122c1f0fb4e209f9ff10b6?s=96&d=mm&r=g","contentUrl":"https:\/\/secure.gravatar.com\/avatar\/c94f6dc705026779114443e8f698d1bc0e93ae97c3122c1f0fb4e209f9ff10b6?s=96&d=mm&r=g","caption":"Animali liberi!"},"description":"In memoria di Francesca","url":"https:\/\/www.animaliliberi.org\/site\/author\/admin-2-2-2-2-2-2\/"}]}},"views":2234,"_links":{"self":[{"href":"https:\/\/www.animaliliberi.org\/site\/wp-json\/wp\/v2\/posts\/1254","targetHints":{"allow":["GET"]}}],"collection":[{"href":"https:\/\/www.animaliliberi.org\/site\/wp-json\/wp\/v2\/posts"}],"about":[{"href":"https:\/\/www.animaliliberi.org\/site\/wp-json\/wp\/v2\/types\/post"}],"author":[{"embeddable":true,"href":"https:\/\/www.animaliliberi.org\/site\/wp-json\/wp\/v2\/users\/1"}],"replies":[{"embeddable":true,"href":"https:\/\/www.animaliliberi.org\/site\/wp-json\/wp\/v2\/comments?post=1254"}],"version-history":[{"count":1,"href":"https:\/\/www.animaliliberi.org\/site\/wp-json\/wp\/v2\/posts\/1254\/revisions"}],"predecessor-version":[{"id":1266,"href":"https:\/\/www.animaliliberi.org\/site\/wp-json\/wp\/v2\/posts\/1254\/revisions\/1266"}],"wp:featuredmedia":[{"embeddable":true,"href":"https:\/\/www.animaliliberi.org\/site\/wp-json\/wp\/v2\/media\/1265"}],"wp:attachment":[{"href":"https:\/\/www.animaliliberi.org\/site\/wp-json\/wp\/v2\/media?parent=1254"}],"wp:term":[{"taxonomy":"category","embeddable":true,"href":"https:\/\/www.animaliliberi.org\/site\/wp-json\/wp\/v2\/categories?post=1254"},{"taxonomy":"post_tag","embeddable":true,"href":"https:\/\/www.animaliliberi.org\/site\/wp-json\/wp\/v2\/tags?post=1254"}],"curies":[{"name":"wp","href":"https:\/\/api.w.org\/{rel}","templated":true}]}}