{"id":1098,"date":"2023-04-09T12:10:20","date_gmt":"2023-04-09T10:10:20","guid":{"rendered":"http:\/\/www.animaliliberi.org\/site\/?p=1098"},"modified":"2023-04-09T12:10:20","modified_gmt":"2023-04-09T10:10:20","slug":"casa-rifugio-di-versi-e-voci","status":"publish","type":"post","link":"https:\/\/www.animaliliberi.org\/site\/casa-rifugio-di-versi-e-voci\/","title":{"rendered":"Casa rifugio Di Versi e Voci"},"content":{"rendered":"<p>Via Antonio Marzocchi, 34<br \/>\nSan Giovanni in Persiceto (BO)<\/p>\n<p><a href=\"https:\/\/www.facebook.com\/associazionediversievoci\" target=\"_blank\" rel=\"noopener\">www.facebook.com\/associazionediversievoci<\/a><br \/>\n<a href=\"mailto:info.diversievoci@gmail.com\">info.diversievoci@gmail.com<\/a><br \/>\nTelefono: 3470519831<\/p>\n<p><strong>Nome:<\/strong> Casa rifugio Di Versi e Voci<\/p>\n<p><strong>Forma Giuridica:<\/strong> Associazione ODV<\/p>\n<p><strong>Sede del Santuario:<\/strong> Via Antonio Marzocchi, 34 &#8211; San Giovanni in Persiceto (BO)<\/p>\n<p><strong>Data di inaugurazione:<\/strong> 6 GIUGNO 2016<\/p>\n<p><strong>Animali ospitati:<\/strong> asini, maiali, cani.<\/p>\n<p><strong>Numero medio animali:<\/strong> 20<\/p>\n<p><strong>Possibilit\u00e0 di ospitare:<\/strong> no<\/p>\n<p><strong>Descrizione attivit\u00e0:<\/strong> Stefania e Loretta, fondatrici del rifugio per cani di Amola (Bo) nel 1991, dopo 26 anni di attivismo, hanno ancora voglia di aiutare gli animali ma non solo i cani.<br \/>\nIn una profumata giornata quasi estiva, il 6 giugno 2016 inaugurano, insieme ad un piccolo gruppo di volontari sensibili e determinati, la Casa rifugio Di Versi e Voci: un luogo di pace per altri animali e umani.<br \/>\nLa struttura \u00e8 una casa colonica con pi\u00f9 di 6000 metri quadrati di prato recintato dove al momento sono ospitati:<br \/>\nMamma Ella e figlio Lala, asini sequestrati da una situazione di grave maltrattamento.<br \/>\nMarilyn ed Oliver, due maialoni salvati dall\u2019industria alimentare.<br \/>\nSono inoltre ospitati circa una decina di cani, alcuni, data l\u2019et\u00e0 avanzata, a tempo indeterminato ed altri, dopo un periodo di rieducazione psicologica e cure sanitarie, in cerca di adozione.<br \/>\nPromuoviamo sul territorio: una cultura di educazione, rispetto, empatia e connessione verso ogni forma di vita con uno sguardo antispecista<br \/>\nincontri, conferenze, seminari, corsi, feste, spettacoli, concerti, banchetti per promuovere i temi a noi cari.<br \/>\nPercorsi pedagogici, etologici, ambientali per bambini e ragazzi.<br \/>\nPercorsi di educazione cinofila, zooantropologia didattica e assistenziale.<br \/>\nOffriamo un servizio di vacanze in libert\u00e0 per alcuni cani affinch\u00e9 possano esprimere le loro motivazioni e bisogni di specie.<\/p>\n<p><strong>Sostegno di cui necessita:<\/strong> Siamo una piccola realt\u00e0 ma molto determinate a continuare la nostra opera, nonostante le tante difficolt\u00e0 che incontriamo ogni giorno.<br \/>\nNoi non ci arrendiamo e insieme agli altri rifugi ci sentiamo pi\u00f9 forti!<br \/>\nPer fare una donazione: IBAN IT67L0707237060000000420550<\/p>\n\n\t\t<div id='gallery-1' class='gallery galleryid-1098 gallery-columns-1 gallery-size-large gallery1'><script type=\"text\/javascript\">\r\n\/\/ <![CDATA[\r\n\tjQuery(document).ready(function () {\r\n\t\tjQuery(\".gallery1 a\").attr(\"rel\",\"gallery1\");\t\r\n\t\tjQuery('a[rel=\"gallery1\"]').colorbox({maxWidth:\"95%\", maxHeight:\"95%\",title: function(){ return jQuery(this).children().attr(\"alt\"); }, });\r\n\t});\r\n\/\/ ]]>\r\n<\/script>\n\r\n\t\t\t<style type=\"text\/css\">\r\n\t\t\t\t#cboxCurrent { display:none !important; }\r\n\t\t\t<\/style>\n<figure class=\"gallery-item\">\n<div class=\"gallery-icon\">\r\n<a href=\"https:\/\/www.animaliliberi.org\/site\/wp-content\/uploads\/2023\/04\/diversivoci-5.jpg\" title=\"\" rel=\"gallery1\"><img loading=\"lazy\" decoding=\"async\" src=\"https:\/\/www.animaliliberi.org\/site\/wp-content\/uploads\/2023\/04\/diversivoci-5.jpg\" width=\"960\" height=\"712\" alt=\"\" \/><\/a>\r\n<\/div><\/figure><figure class=\"gallery-item\">\n<div class=\"gallery-icon\">\r\n<a href=\"https:\/\/www.animaliliberi.org\/site\/wp-content\/uploads\/2023\/04\/diversivoci-4.jpg\" title=\"\" rel=\"gallery1\"><img loading=\"lazy\" decoding=\"async\" src=\"https:\/\/www.animaliliberi.org\/site\/wp-content\/uploads\/2023\/04\/diversivoci-4.jpg\" width=\"960\" height=\"720\" alt=\"\" \/><\/a>\r\n<\/div><\/figure><figure class=\"gallery-item\">\n<div class=\"gallery-icon\">\r\n<a href=\"https:\/\/www.animaliliberi.org\/site\/wp-content\/uploads\/2023\/04\/diversivoci-3.jpg\" title=\"\" rel=\"gallery1\"><img loading=\"lazy\" decoding=\"async\" src=\"https:\/\/www.animaliliberi.org\/site\/wp-content\/uploads\/2023\/04\/diversivoci-3.jpg\" width=\"960\" height=\"720\" alt=\"\" \/><\/a>\r\n<\/div><\/figure><figure class=\"gallery-item\">\n<div class=\"gallery-icon\">\r\n<a href=\"https:\/\/www.animaliliberi.org\/site\/wp-content\/uploads\/2023\/04\/diversivoci-2.jpg\" title=\"\" rel=\"gallery1\"><img loading=\"lazy\" decoding=\"async\" src=\"https:\/\/www.animaliliberi.org\/site\/wp-content\/uploads\/2023\/04\/diversivoci-2.jpg\" width=\"960\" height=\"573\" alt=\"\" \/><\/a>\r\n<\/div><\/figure><figure class=\"gallery-item\">\n<div class=\"gallery-icon\">\r\n<a href=\"https:\/\/www.animaliliberi.org\/site\/wp-content\/uploads\/2023\/04\/diversivoci-1.jpg\" title=\"\" rel=\"gallery1\"><img loading=\"lazy\" decoding=\"async\" src=\"https:\/\/www.animaliliberi.org\/site\/wp-content\/uploads\/2023\/04\/diversivoci-1.jpg\" width=\"960\" height=\"601\" alt=\"\" \/><\/a>\r\n<\/div><\/figure><figure class=\"gallery-item\">\n<div class=\"gallery-icon\">\r\n<a href=\"https:\/\/www.animaliliberi.org\/site\/wp-content\/uploads\/2023\/04\/diversivoci-7.jpg\" title=\"\" rel=\"gallery1\"><img loading=\"lazy\" decoding=\"async\" src=\"https:\/\/www.animaliliberi.org\/site\/wp-content\/uploads\/2023\/04\/diversivoci-7.jpg\" width=\"960\" height=\"665\" alt=\"\" \/><\/a>\r\n<\/div><\/figure>\r\n\t\t<\/div>\n\n","protected":false},"excerpt":{"rendered":"<p>Via Antonio Marzocchi, 34 San Giovanni in Persiceto (BO) www.facebook.com\/associazionediversievoci info.diversievoci@gmail.com Telefono: 3470519831 Nome: Casa rifugio Di Versi e Voci Forma Giuridica: Associazione ODV Sede del Santuario: Via Antonio Marzocchi, 34 &#8211; San Giovanni in Persiceto (BO) Data di inaugurazione: 6 GIUGNO 2016 Animali ospitati: asini, maiali, cani. Numero medio animali: 20 Possibilit\u00e0 di ospitare: no Descrizione attivit\u00e0: Stefania e Loretta, fondatrici del rifugio per cani di Amola (Bo) nel 1991, dopo 26 anni di attivismo, hanno ancora voglia di aiutare gli animali ma non solo i cani. In una profumata giornata quasi estiva, il 6 giugno 2016 inaugurano, insieme ad un piccolo gruppo di volontari sensibili e determinati, la Casa rifugio Di Versi e Voci: un luogo di pace per altri animali e umani. La struttura \u00e8 una casa colonica con pi\u00f9 di 6000 metri quadrati di prato recintato dove al momento sono ospitati: Mamma Ella e figlio Lala, asini sequestrati da una situazione di grave maltrattamento. Marilyn ed Oliver, due maialoni salvati dall\u2019industria alimentare. Sono inoltre ospitati circa una decina di cani, alcuni, data l\u2019et\u00e0 avanzata, a tempo indeterminato ed altri, dopo un periodo di rieducazione psicologica e cure sanitarie, in cerca di adozione. Promuoviamo sul territorio: una cultura di educazione, rispetto, empatia e connessione verso ogni forma di vita con uno sguardo antispecista incontri, conferenze, seminari, corsi, feste, spettacoli, concerti, banchetti per promuovere i temi a noi cari. Percorsi pedagogici, etologici, ambientali per bambini e ragazzi. Percorsi di educazione cinofila, zooantropologia didattica e assistenziale. Offriamo un servizio di vacanze in libert\u00e0 per alcuni cani affinch\u00e9 possano esprimere le loro motivazioni e bisogni di specie. Sostegno di cui necessita: Siamo una piccola realt\u00e0 ma molto determinate a continuare la nostra opera, nonostante le tante difficolt\u00e0 che incontriamo ogni giorno. Noi non ci arrendiamo e insieme agli altri rifugi ci sentiamo pi\u00f9 forti! Per fare una donazione: IBAN IT67L0707237060000000420550<\/p>\n","protected":false},"author":1,"featured_media":1105,"comment_status":"closed","ping_status":"closed","sticky":false,"template":"","format":"standard","meta":{"footnotes":""},"categories":[19],"tags":[262,116,263,115],"class_list":["post-1098","post","type-post","status-publish","format-standard","has-post-thumbnail","hentry","category-santuari","tag-casa-rifugio-di-versi-e-voci","tag-rifugio-animali","tag-rifugio-animali-bologna","tag-santuario-animali"],"yoast_head":"<!-- This site is optimized with the Yoast SEO plugin v27.4 - https:\/\/yoast.com\/product\/yoast-seo-wordpress\/ -->\n<title>Casa rifugio Di Versi e Voci - Rete dei Santuari di Animali Liberi in Italia<\/title>\n<meta name=\"robots\" content=\"index, follow, max-snippet:-1, max-image-preview:large, max-video-preview:-1\" \/>\n<link rel=\"canonical\" href=\"https:\/\/www.animaliliberi.org\/site\/casa-rifugio-di-versi-e-voci\/\" \/>\n<meta property=\"og:locale\" content=\"it_IT\" \/>\n<meta property=\"og:type\" content=\"article\" \/>\n<meta property=\"og:title\" content=\"Casa rifugio Di Versi e Voci - Rete dei Santuari di Animali Liberi in Italia\" \/>\n<meta property=\"og:description\" content=\"Via Antonio Marzocchi, 34 San Giovanni in Persiceto (BO) www.facebook.com\/associazionediversievoci info.diversievoci@gmail.com Telefono: 3470519831 Nome: Casa rifugio Di Versi e Voci Forma Giuridica: Associazione ODV Sede del Santuario: Via Antonio Marzocchi, 34 &#8211; San Giovanni in Persiceto (BO) Data di inaugurazione: 6 GIUGNO 2016 Animali ospitati: asini, maiali, cani. Numero medio animali: 20 Possibilit\u00e0 di ospitare: no Descrizione attivit\u00e0: Stefania e Loretta, fondatrici del rifugio per cani di Amola (Bo) nel 1991, dopo 26 anni di attivismo, hanno ancora voglia di aiutare gli animali ma non solo i cani. In una profumata giornata quasi estiva, il 6 giugno 2016 inaugurano, insieme ad un piccolo gruppo di volontari sensibili e determinati, la Casa rifugio Di Versi e Voci: un luogo di pace per altri animali e umani. La struttura \u00e8 una casa colonica con pi\u00f9 di 6000 metri quadrati di prato recintato dove al momento sono ospitati: Mamma Ella e figlio Lala, asini sequestrati da una situazione di grave maltrattamento. Marilyn ed Oliver, due maialoni salvati dall\u2019industria alimentare. Sono inoltre ospitati circa una decina di cani, alcuni, data l\u2019et\u00e0 avanzata, a tempo indeterminato ed altri, dopo un periodo di rieducazione psicologica e cure sanitarie, in cerca di adozione. Promuoviamo sul territorio: una cultura di educazione, rispetto, empatia e connessione verso ogni forma di vita con uno sguardo antispecista incontri, conferenze, seminari, corsi, feste, spettacoli, concerti, banchetti per promuovere i temi a noi cari. Percorsi pedagogici, etologici, ambientali per bambini e ragazzi. Percorsi di educazione cinofila, zooantropologia didattica e assistenziale. Offriamo un servizio di vacanze in libert\u00e0 per alcuni cani affinch\u00e9 possano esprimere le loro motivazioni e bisogni di specie. Sostegno di cui necessita: Siamo una piccola realt\u00e0 ma molto determinate a continuare la nostra opera, nonostante le tante difficolt\u00e0 che incontriamo ogni giorno. Noi non ci arrendiamo e insieme agli altri rifugi ci sentiamo pi\u00f9 forti! Per fare una donazione: IBAN IT67L0707237060000000420550\" \/>\n<meta property=\"og:url\" content=\"https:\/\/www.animaliliberi.org\/site\/casa-rifugio-di-versi-e-voci\/\" \/>\n<meta property=\"og:site_name\" content=\"Rete dei Santuari di Animali Liberi in Italia\" \/>\n<meta property=\"article:published_time\" content=\"2023-04-09T10:10:20+00:00\" \/>\n<meta property=\"og:image\" content=\"https:\/\/www.animaliliberi.org\/site\/wp-content\/uploads\/2023\/04\/diversivoci-6.jpg\" \/>\n\t<meta property=\"og:image:width\" content=\"1000\" \/>\n\t<meta property=\"og:image:height\" content=\"742\" \/>\n\t<meta property=\"og:image:type\" content=\"image\/jpeg\" \/>\n<meta name=\"author\" content=\"Animali liberi!\" \/>\n<meta name=\"twitter:label1\" content=\"Scritto da\" \/>\n\t<meta name=\"twitter:data1\" content=\"Animali liberi!\" \/>\n\t<meta name=\"twitter:label2\" content=\"Tempo di lettura stimato\" \/>\n\t<meta name=\"twitter:data2\" content=\"2 minuti\" \/>\n<script type=\"application\/ld+json\" class=\"yoast-schema-graph\">{\"@context\":\"https:\\\/\\\/schema.org\",\"@graph\":[{\"@type\":\"Article\",\"@id\":\"https:\\\/\\\/www.animaliliberi.org\\\/site\\\/casa-rifugio-di-versi-e-voci\\\/#article\",\"isPartOf\":{\"@id\":\"https:\\\/\\\/www.animaliliberi.org\\\/site\\\/casa-rifugio-di-versi-e-voci\\\/\"},\"author\":{\"name\":\"Animali liberi!\",\"@id\":\"https:\\\/\\\/www.animaliliberi.org\\\/site\\\/#\\\/schema\\\/person\\\/355faaedc360ce898e1ae0d0a321df90\"},\"headline\":\"Casa rifugio Di Versi e Voci\",\"datePublished\":\"2023-04-09T10:10:20+00:00\",\"mainEntityOfPage\":{\"@id\":\"https:\\\/\\\/www.animaliliberi.org\\\/site\\\/casa-rifugio-di-versi-e-voci\\\/\"},\"wordCount\":320,\"image\":{\"@id\":\"https:\\\/\\\/www.animaliliberi.org\\\/site\\\/casa-rifugio-di-versi-e-voci\\\/#primaryimage\"},\"thumbnailUrl\":\"https:\\\/\\\/www.animaliliberi.org\\\/site\\\/wp-content\\\/uploads\\\/2023\\\/04\\\/diversivoci-6.jpg\",\"keywords\":[\"casa rifugio di versi e voci\",\"rifugio animali\",\"rifugio animali bologna\",\"santuario animali\"],\"articleSection\":[\"Santuari\"],\"inLanguage\":\"it-IT\"},{\"@type\":\"WebPage\",\"@id\":\"https:\\\/\\\/www.animaliliberi.org\\\/site\\\/casa-rifugio-di-versi-e-voci\\\/\",\"url\":\"https:\\\/\\\/www.animaliliberi.org\\\/site\\\/casa-rifugio-di-versi-e-voci\\\/\",\"name\":\"Casa rifugio Di Versi e Voci - Rete dei Santuari di Animali Liberi in Italia\",\"isPartOf\":{\"@id\":\"https:\\\/\\\/www.animaliliberi.org\\\/site\\\/#website\"},\"primaryImageOfPage\":{\"@id\":\"https:\\\/\\\/www.animaliliberi.org\\\/site\\\/casa-rifugio-di-versi-e-voci\\\/#primaryimage\"},\"image\":{\"@id\":\"https:\\\/\\\/www.animaliliberi.org\\\/site\\\/casa-rifugio-di-versi-e-voci\\\/#primaryimage\"},\"thumbnailUrl\":\"https:\\\/\\\/www.animaliliberi.org\\\/site\\\/wp-content\\\/uploads\\\/2023\\\/04\\\/diversivoci-6.jpg\",\"datePublished\":\"2023-04-09T10:10:20+00:00\",\"author\":{\"@id\":\"https:\\\/\\\/www.animaliliberi.org\\\/site\\\/#\\\/schema\\\/person\\\/355faaedc360ce898e1ae0d0a321df90\"},\"breadcrumb\":{\"@id\":\"https:\\\/\\\/www.animaliliberi.org\\\/site\\\/casa-rifugio-di-versi-e-voci\\\/#breadcrumb\"},\"inLanguage\":\"it-IT\",\"potentialAction\":[{\"@type\":\"ReadAction\",\"target\":[\"https:\\\/\\\/www.animaliliberi.org\\\/site\\\/casa-rifugio-di-versi-e-voci\\\/\"]}]},{\"@type\":\"ImageObject\",\"inLanguage\":\"it-IT\",\"@id\":\"https:\\\/\\\/www.animaliliberi.org\\\/site\\\/casa-rifugio-di-versi-e-voci\\\/#primaryimage\",\"url\":\"https:\\\/\\\/www.animaliliberi.org\\\/site\\\/wp-content\\\/uploads\\\/2023\\\/04\\\/diversivoci-6.jpg\",\"contentUrl\":\"https:\\\/\\\/www.animaliliberi.org\\\/site\\\/wp-content\\\/uploads\\\/2023\\\/04\\\/diversivoci-6.jpg\",\"width\":1000,\"height\":742},{\"@type\":\"BreadcrumbList\",\"@id\":\"https:\\\/\\\/www.animaliliberi.org\\\/site\\\/casa-rifugio-di-versi-e-voci\\\/#breadcrumb\",\"itemListElement\":[{\"@type\":\"ListItem\",\"position\":1,\"name\":\"Home\",\"item\":\"https:\\\/\\\/www.animaliliberi.org\\\/site\\\/\"},{\"@type\":\"ListItem\",\"position\":2,\"name\":\"Casa rifugio Di Versi e Voci\"}]},{\"@type\":\"WebSite\",\"@id\":\"https:\\\/\\\/www.animaliliberi.org\\\/site\\\/#website\",\"url\":\"https:\\\/\\\/www.animaliliberi.org\\\/site\\\/\",\"name\":\"Rete dei Santuari di Animali Liberi in Italia\",\"description\":\"\",\"potentialAction\":[{\"@type\":\"SearchAction\",\"target\":{\"@type\":\"EntryPoint\",\"urlTemplate\":\"https:\\\/\\\/www.animaliliberi.org\\\/site\\\/?s={search_term_string}\"},\"query-input\":{\"@type\":\"PropertyValueSpecification\",\"valueRequired\":true,\"valueName\":\"search_term_string\"}}],\"inLanguage\":\"it-IT\"},{\"@type\":\"Person\",\"@id\":\"https:\\\/\\\/www.animaliliberi.org\\\/site\\\/#\\\/schema\\\/person\\\/355faaedc360ce898e1ae0d0a321df90\",\"name\":\"Animali liberi!\",\"image\":{\"@type\":\"ImageObject\",\"inLanguage\":\"it-IT\",\"@id\":\"https:\\\/\\\/secure.gravatar.com\\\/avatar\\\/c94f6dc705026779114443e8f698d1bc0e93ae97c3122c1f0fb4e209f9ff10b6?s=96&d=mm&r=g\",\"url\":\"https:\\\/\\\/secure.gravatar.com\\\/avatar\\\/c94f6dc705026779114443e8f698d1bc0e93ae97c3122c1f0fb4e209f9ff10b6?s=96&d=mm&r=g\",\"contentUrl\":\"https:\\\/\\\/secure.gravatar.com\\\/avatar\\\/c94f6dc705026779114443e8f698d1bc0e93ae97c3122c1f0fb4e209f9ff10b6?s=96&d=mm&r=g\",\"caption\":\"Animali liberi!\"},\"description\":\"In memoria di Francesca\",\"url\":\"https:\\\/\\\/www.animaliliberi.org\\\/site\\\/author\\\/admin-2-2-2-2-2-2\\\/\"}]}<\/script>\n<!-- \/ Yoast SEO plugin. -->","yoast_head_json":{"title":"Casa rifugio Di Versi e Voci - Rete dei Santuari di Animali Liberi in Italia","robots":{"index":"index","follow":"follow","max-snippet":"max-snippet:-1","max-image-preview":"max-image-preview:large","max-video-preview":"max-video-preview:-1"},"canonical":"https:\/\/www.animaliliberi.org\/site\/casa-rifugio-di-versi-e-voci\/","og_locale":"it_IT","og_type":"article","og_title":"Casa rifugio Di Versi e Voci - Rete dei Santuari di Animali Liberi in Italia","og_description":"Via Antonio Marzocchi, 34 San Giovanni in Persiceto (BO) www.facebook.com\/associazionediversievoci info.diversievoci@gmail.com Telefono: 3470519831 Nome: Casa rifugio Di Versi e Voci Forma Giuridica: Associazione ODV Sede del Santuario: Via Antonio Marzocchi, 34 &#8211; San Giovanni in Persiceto (BO) Data di inaugurazione: 6 GIUGNO 2016 Animali ospitati: asini, maiali, cani. Numero medio animali: 20 Possibilit\u00e0 di ospitare: no Descrizione attivit\u00e0: Stefania e Loretta, fondatrici del rifugio per cani di Amola (Bo) nel 1991, dopo 26 anni di attivismo, hanno ancora voglia di aiutare gli animali ma non solo i cani. In una profumata giornata quasi estiva, il 6 giugno 2016 inaugurano, insieme ad un piccolo gruppo di volontari sensibili e determinati, la Casa rifugio Di Versi e Voci: un luogo di pace per altri animali e umani. La struttura \u00e8 una casa colonica con pi\u00f9 di 6000 metri quadrati di prato recintato dove al momento sono ospitati: Mamma Ella e figlio Lala, asini sequestrati da una situazione di grave maltrattamento. Marilyn ed Oliver, due maialoni salvati dall\u2019industria alimentare. Sono inoltre ospitati circa una decina di cani, alcuni, data l\u2019et\u00e0 avanzata, a tempo indeterminato ed altri, dopo un periodo di rieducazione psicologica e cure sanitarie, in cerca di adozione. Promuoviamo sul territorio: una cultura di educazione, rispetto, empatia e connessione verso ogni forma di vita con uno sguardo antispecista incontri, conferenze, seminari, corsi, feste, spettacoli, concerti, banchetti per promuovere i temi a noi cari. Percorsi pedagogici, etologici, ambientali per bambini e ragazzi. Percorsi di educazione cinofila, zooantropologia didattica e assistenziale. Offriamo un servizio di vacanze in libert\u00e0 per alcuni cani affinch\u00e9 possano esprimere le loro motivazioni e bisogni di specie. Sostegno di cui necessita: Siamo una piccola realt\u00e0 ma molto determinate a continuare la nostra opera, nonostante le tante difficolt\u00e0 che incontriamo ogni giorno. Noi non ci arrendiamo e insieme agli altri rifugi ci sentiamo pi\u00f9 forti! Per fare una donazione: IBAN IT67L0707237060000000420550","og_url":"https:\/\/www.animaliliberi.org\/site\/casa-rifugio-di-versi-e-voci\/","og_site_name":"Rete dei Santuari di Animali Liberi in Italia","article_published_time":"2023-04-09T10:10:20+00:00","og_image":[{"width":1000,"height":742,"url":"https:\/\/www.animaliliberi.org\/site\/wp-content\/uploads\/2023\/04\/diversivoci-6.jpg","type":"image\/jpeg"}],"author":"Animali liberi!","twitter_misc":{"Scritto da":"Animali liberi!","Tempo di lettura stimato":"2 minuti"},"schema":{"@context":"https:\/\/schema.org","@graph":[{"@type":"Article","@id":"https:\/\/www.animaliliberi.org\/site\/casa-rifugio-di-versi-e-voci\/#article","isPartOf":{"@id":"https:\/\/www.animaliliberi.org\/site\/casa-rifugio-di-versi-e-voci\/"},"author":{"name":"Animali liberi!","@id":"https:\/\/www.animaliliberi.org\/site\/#\/schema\/person\/355faaedc360ce898e1ae0d0a321df90"},"headline":"Casa rifugio Di Versi e Voci","datePublished":"2023-04-09T10:10:20+00:00","mainEntityOfPage":{"@id":"https:\/\/www.animaliliberi.org\/site\/casa-rifugio-di-versi-e-voci\/"},"wordCount":320,"image":{"@id":"https:\/\/www.animaliliberi.org\/site\/casa-rifugio-di-versi-e-voci\/#primaryimage"},"thumbnailUrl":"https:\/\/www.animaliliberi.org\/site\/wp-content\/uploads\/2023\/04\/diversivoci-6.jpg","keywords":["casa rifugio di versi e voci","rifugio animali","rifugio animali bologna","santuario animali"],"articleSection":["Santuari"],"inLanguage":"it-IT"},{"@type":"WebPage","@id":"https:\/\/www.animaliliberi.org\/site\/casa-rifugio-di-versi-e-voci\/","url":"https:\/\/www.animaliliberi.org\/site\/casa-rifugio-di-versi-e-voci\/","name":"Casa rifugio Di Versi e Voci - Rete dei Santuari di Animali Liberi in Italia","isPartOf":{"@id":"https:\/\/www.animaliliberi.org\/site\/#website"},"primaryImageOfPage":{"@id":"https:\/\/www.animaliliberi.org\/site\/casa-rifugio-di-versi-e-voci\/#primaryimage"},"image":{"@id":"https:\/\/www.animaliliberi.org\/site\/casa-rifugio-di-versi-e-voci\/#primaryimage"},"thumbnailUrl":"https:\/\/www.animaliliberi.org\/site\/wp-content\/uploads\/2023\/04\/diversivoci-6.jpg","datePublished":"2023-04-09T10:10:20+00:00","author":{"@id":"https:\/\/www.animaliliberi.org\/site\/#\/schema\/person\/355faaedc360ce898e1ae0d0a321df90"},"breadcrumb":{"@id":"https:\/\/www.animaliliberi.org\/site\/casa-rifugio-di-versi-e-voci\/#breadcrumb"},"inLanguage":"it-IT","potentialAction":[{"@type":"ReadAction","target":["https:\/\/www.animaliliberi.org\/site\/casa-rifugio-di-versi-e-voci\/"]}]},{"@type":"ImageObject","inLanguage":"it-IT","@id":"https:\/\/www.animaliliberi.org\/site\/casa-rifugio-di-versi-e-voci\/#primaryimage","url":"https:\/\/www.animaliliberi.org\/site\/wp-content\/uploads\/2023\/04\/diversivoci-6.jpg","contentUrl":"https:\/\/www.animaliliberi.org\/site\/wp-content\/uploads\/2023\/04\/diversivoci-6.jpg","width":1000,"height":742},{"@type":"BreadcrumbList","@id":"https:\/\/www.animaliliberi.org\/site\/casa-rifugio-di-versi-e-voci\/#breadcrumb","itemListElement":[{"@type":"ListItem","position":1,"name":"Home","item":"https:\/\/www.animaliliberi.org\/site\/"},{"@type":"ListItem","position":2,"name":"Casa rifugio Di Versi e Voci"}]},{"@type":"WebSite","@id":"https:\/\/www.animaliliberi.org\/site\/#website","url":"https:\/\/www.animaliliberi.org\/site\/","name":"Rete dei Santuari di Animali Liberi in Italia","description":"","potentialAction":[{"@type":"SearchAction","target":{"@type":"EntryPoint","urlTemplate":"https:\/\/www.animaliliberi.org\/site\/?s={search_term_string}"},"query-input":{"@type":"PropertyValueSpecification","valueRequired":true,"valueName":"search_term_string"}}],"inLanguage":"it-IT"},{"@type":"Person","@id":"https:\/\/www.animaliliberi.org\/site\/#\/schema\/person\/355faaedc360ce898e1ae0d0a321df90","name":"Animali liberi!","image":{"@type":"ImageObject","inLanguage":"it-IT","@id":"https:\/\/secure.gravatar.com\/avatar\/c94f6dc705026779114443e8f698d1bc0e93ae97c3122c1f0fb4e209f9ff10b6?s=96&d=mm&r=g","url":"https:\/\/secure.gravatar.com\/avatar\/c94f6dc705026779114443e8f698d1bc0e93ae97c3122c1f0fb4e209f9ff10b6?s=96&d=mm&r=g","contentUrl":"https:\/\/secure.gravatar.com\/avatar\/c94f6dc705026779114443e8f698d1bc0e93ae97c3122c1f0fb4e209f9ff10b6?s=96&d=mm&r=g","caption":"Animali liberi!"},"description":"In memoria di Francesca","url":"https:\/\/www.animaliliberi.org\/site\/author\/admin-2-2-2-2-2-2\/"}]}},"views":10705,"_links":{"self":[{"href":"https:\/\/www.animaliliberi.org\/site\/wp-json\/wp\/v2\/posts\/1098","targetHints":{"allow":["GET"]}}],"collection":[{"href":"https:\/\/www.animaliliberi.org\/site\/wp-json\/wp\/v2\/posts"}],"about":[{"href":"https:\/\/www.animaliliberi.org\/site\/wp-json\/wp\/v2\/types\/post"}],"author":[{"embeddable":true,"href":"https:\/\/www.animaliliberi.org\/site\/wp-json\/wp\/v2\/users\/1"}],"replies":[{"embeddable":true,"href":"https:\/\/www.animaliliberi.org\/site\/wp-json\/wp\/v2\/comments?post=1098"}],"version-history":[{"count":3,"href":"https:\/\/www.animaliliberi.org\/site\/wp-json\/wp\/v2\/posts\/1098\/revisions"}],"predecessor-version":[{"id":1108,"href":"https:\/\/www.animaliliberi.org\/site\/wp-json\/wp\/v2\/posts\/1098\/revisions\/1108"}],"wp:featuredmedia":[{"embeddable":true,"href":"https:\/\/www.animaliliberi.org\/site\/wp-json\/wp\/v2\/media\/1105"}],"wp:attachment":[{"href":"https:\/\/www.animaliliberi.org\/site\/wp-json\/wp\/v2\/media?parent=1098"}],"wp:term":[{"taxonomy":"category","embeddable":true,"href":"https:\/\/www.animaliliberi.org\/site\/wp-json\/wp\/v2\/categories?post=1098"},{"taxonomy":"post_tag","embeddable":true,"href":"https:\/\/www.animaliliberi.org\/site\/wp-json\/wp\/v2\/tags?post=1098"}],"curies":[{"name":"wp","href":"https:\/\/api.w.org\/{rel}","templated":true}]}}